{"id":9869,"date":"2025-03-30T20:05:09","date_gmt":"2025-03-30T18:05:09","guid":{"rendered":"https:\/\/www.lacgtmontreuil.fr\/?p=9869"},"modified":"2025-03-30T20:05:10","modified_gmt":"2025-03-30T18:05:10","slug":"je-tu-ul-n492-greve-a-la-generale","status":"publish","type":"post","link":"https:\/\/www.lacgtmontreuil.fr\/?p=9869","title":{"rendered":"Je, Tu, UL n\u00b0492 &#8211; GR\u00c8VE \u00c1 LA G\u00c9N\u00c9RALE"},"content":{"rendered":"2, rue Paul Langevin \u2013 Les agences de la SOCIETE GENERALE de Montreuil (Langevin, Vaillant-Couturier et Boissi\u00e8re) \u00e9taient touch\u00e9es ce 25 mars par la gr\u00e8ve intersyndicale CGT, CFDT, CFTC et SNB pour l\u2019issue des NAO, marqu\u00e9 par un PV g\u00e9n\u00e9ral de d\u00e9saccord. La proposition unilat\u00e9rale de la direction d\u2019un int\u00e9ressement \u00e0 3% sanctionne les 3700 suppressions d\u2019emploi li\u00e9es \u00e0 la fusion avec Cr\u00e9dit du Nord, auxquels s\u2019ajoutent les 950 postes dans le viseur du nouveau PDG \u00ab chasseur de co\u00fbts \u00bb Krupa, qui vient de s\u2019adjoindre les services d\u2019un certain Alexis Kohler\u2026 \u00e0 sa sortie de l\u2019Elys\u00e9e.","protected":false},"excerpt":{"rendered":"<p>2, rue Paul Langevin \u2013 Les agences de la SOCIETE GENERALE de Montreuil (Langevin, Vaillant-Couturier et Boissi\u00e8re) \u00e9taient touch\u00e9es ce 25 mars par la gr\u00e8ve intersyndicale CGT, CFDT, CFTC et SNB pour l\u2019issue des NAO, marqu\u00e9 par un PV g\u00e9n\u00e9ral de d\u00e9saccord. La proposition unilat\u00e9rale de la direction d\u2019un int\u00e9ressement \u00e0 3% sanctionne les 3700 &hellip; <\/p>\n","protected":false},"author":19,"featured_media":0,"comment_status":"closed","ping_status":"open","sticky":false,"template":"","format":"standard","meta":{"footnotes":""},"categories":[2],"tags":[],"class_list":{"0":"entry","1":"post","2":"publish","3":"author-sebastien","4":"post-9869","6":"format-standard","7":"category-je-tu-ul"},"_links":{"self":[{"href":"https:\/\/www.lacgtmontreuil.fr\/index.php?rest_route=\/wp\/v2\/posts\/9869","targetHints":{"allow":["GET"]}}],"collection":[{"href":"https:\/\/www.lacgtmontreuil.fr\/index.php?rest_route=\/wp\/v2\/posts"}],"about":[{"href":"https:\/\/www.lacgtmontreuil.fr\/index.php?rest_route=\/wp\/v2\/types\/post"}],"author":[{"embeddable":true,"href":"https:\/\/www.lacgtmontreuil.fr\/index.php?rest_route=\/wp\/v2\/users\/19"}],"replies":[{"embeddable":true,"href":"https:\/\/www.lacgtmontreuil.fr\/index.php?rest_route=%2Fwp%2Fv2%2Fcomments&post=9869"}],"version-history":[{"count":1,"href":"https:\/\/www.lacgtmontreuil.fr\/index.php?rest_route=\/wp\/v2\/posts\/9869\/revisions"}],"predecessor-version":[{"id":9872,"href":"https:\/\/www.lacgtmontreuil.fr\/index.php?rest_route=\/wp\/v2\/posts\/9869\/revisions\/9872"}],"wp:attachment":[{"href":"https:\/\/www.lacgtmontreuil.fr\/index.php?rest_route=%2Fwp%2Fv2%2Fmedia&parent=9869"}],"wp:term":[{"taxonomy":"category","embeddable":true,"href":"https:\/\/www.lacgtmontreuil.fr\/index.php?rest_route=%2Fwp%2Fv2%2Fcategories&post=9869"},{"taxonomy":"post_tag","embeddable":true,"href":"https:\/\/www.lacgtmontreuil.fr\/index.php?rest_route=%2Fwp%2Fv2%2Ftags&post=9869"}],"curies":[{"name":"wp","href":"https:\/\/api.w.org\/{rel}","templated":true}]}}