{"id":986,"date":"2018-02-20T17:03:10","date_gmt":"2018-02-20T16:03:10","guid":{"rendered":"http:\/\/www.lacgtmontreuil.fr\/?p=986"},"modified":"2018-02-20T17:03:10","modified_gmt":"2018-02-20T16:03:10","slug":"je-tu-ul-fin-mai-2014-n-167","status":"publish","type":"post","link":"https:\/\/www.lacgtmontreuil.fr\/?p=986","title":{"rendered":"Je, Tu, UL\u2026  Fin Mai 2014  N\u00b0 167"},"content":{"rendered":"<p><strong> Les br\u00e8ves de l\u2019UL CGT de Montreuil, 24, rue de Paris<\/strong><\/p>\n<p><img loading=\"lazy\" decoding=\"async\" width=\"109\" height=\"155\" class=\"wp-image-987\" src=\"https:\/\/www.lacgtmontreuil.fr\/wp-content\/uploads\/2018\/02\/logo_cgt-128.jpeg\" alt=\"logo_cgt\" \/>\u00a0\u00a0 <strong>Je, Tu, UL\u2026\u00a0 Fin Mai 2014\u00a0 N\u00b0 167<\/strong><\/p>\n<p><em>\u00ab\u00a0Les cotisations patronales en moins, c\u2019est le Pactole de Responsabilit\u00e9 du MEDEF\u00a0\u00bb<\/em><\/p>\n<p><strong>STYLE RENAISSANCE :<\/strong> 240, rue de Rosny \u2013 QUINETTE-GALLAY, d\u00e9sormais repris par le groupe japonais KOTOBUKI, va changer de nom pour devenir QUINETTE GALLAY RENAISSANCE et pourrait d\u00e9m\u00e9nager rapidement boulevard Chanzy \u00e0 Montreuil, dans les locaux de l\u2019usine Dufour. Des transformations qui n\u2019emp\u00eachent pas la section CGT de maintenir la pression sur le nouveau mandataire, Me MOYRAND, en charge de cl\u00f4turer la proc\u00e9dure, en exigeant des reclassements internes sur les postes de travail rendus disponibles par des d\u00e9parts volontaires.<\/p>\n<p><strong>PARATONNERRE :<\/strong> 15-18, rue Franklin \u2013 L\u2019h\u00f4tel \u00e0 l\u2019enseigne de l\u2019inventeur du paratonnerre votait ce mois de mai pour renouveler ses d\u00e9l\u00e9gu\u00e9s du personnel. C\u2019est ainsi que sur les 18 salari\u00e9s de l\u2019h\u00f4tel FRANKLIN et les 15 votants, 14 voix sont all\u00e9es d\u00e8s le 1<sup>er<\/sup> tour \u00e0 la liste CGT de notre camarade Nehza BOUCHENAK, r\u00e9\u00e9lue \u00e0 100% avec une participation de 83%&#8230; \u00e0 faire r\u00eaver les candidats aux Europ\u00e9ennes. En tout cas, le personnel de l\u2019h\u00f4tel sait comment prot\u00e9ger ses droits\u00a0!<\/p>\n<p><strong>BONNES NOUVELLES POUR LA NVO\u00a0:<\/strong> 263, rue de Paris \u2013 La direction de la \u00ab\u00a0NVO\u00a0\u00bb avait cru bon de contester devant les tribunaux l\u2019expertise vot\u00e9e par le CHSCT sur les risques psycho-sociaux engendr\u00e9s par les restructurations. Victoire de la CGT devant le TGI de Bobigny qui, par ordonnance, donne raison aux \u00e9lus du personnel\u00a0! Un succ\u00e8s qui s\u2019accompagne pour le syndicat d\u2019un vote du CCN de la CGT pour le maintien du journal papier et son refinancement\u2026 contredisant clairement le projet mortif\u00e8re de la direction du journal.<\/p>\n<p><strong>TRAVEL ET TRAVAIL\u00a0:<\/strong> 63 bis, rue Ernest Savart \u2013 LIBERTY TRAVEL, la nouvelle enseigne de TRANSPORTS OXYGENE vient de conna\u00eetre un nouveau revers devant le Conseil de Prud\u2019hommes de Bobigny. Il y a 2 ans, l\u2019entreprise avait licenci\u00e9 notre camarade Soumaila DOUCOURE alors qu\u2019il \u00e9tait en accident du travail suite \u00e0 une agression\u00a0: un licenciement qui a donc \u00e9t\u00e9 jug\u00e9 nul, avec en cons\u00e9quence sa r\u00e9int\u00e9gration avec effet r\u00e9troactif depuis juillet 2012.<\/p>\n","protected":false},"excerpt":{"rendered":"<p>Les br\u00e8ves de l\u2019UL CGT de Montreuil, 24, rue de Paris \u00a0\u00a0 Je, Tu, UL\u2026\u00a0 Fin Mai 2014\u00a0 N\u00b0 167 \u00ab\u00a0Les cotisations patronales en moins, c\u2019est le Pactole de Responsabilit\u00e9 du MEDEF\u00a0\u00bb STYLE RENAISSANCE : 240, rue de Rosny \u2013 QUINETTE-GALLAY, d\u00e9sormais repris par le groupe japonais KOTOBUKI, va changer de nom pour devenir QUINETTE &hellip; <\/p>\n","protected":false},"author":1,"featured_media":0,"comment_status":"closed","ping_status":"open","sticky":false,"template":"","format":"standard","meta":{"footnotes":""},"categories":[2],"tags":[],"class_list":{"0":"entry","1":"post","2":"publish","3":"author-ulmontreuil","4":"post-986","6":"format-standard","7":"category-je-tu-ul"},"_links":{"self":[{"href":"https:\/\/www.lacgtmontreuil.fr\/index.php?rest_route=\/wp\/v2\/posts\/986","targetHints":{"allow":["GET"]}}],"collection":[{"href":"https:\/\/www.lacgtmontreuil.fr\/index.php?rest_route=\/wp\/v2\/posts"}],"about":[{"href":"https:\/\/www.lacgtmontreuil.fr\/index.php?rest_route=\/wp\/v2\/types\/post"}],"author":[{"embeddable":true,"href":"https:\/\/www.lacgtmontreuil.fr\/index.php?rest_route=\/wp\/v2\/users\/1"}],"replies":[{"embeddable":true,"href":"https:\/\/www.lacgtmontreuil.fr\/index.php?rest_route=%2Fwp%2Fv2%2Fcomments&post=986"}],"version-history":[{"count":1,"href":"https:\/\/www.lacgtmontreuil.fr\/index.php?rest_route=\/wp\/v2\/posts\/986\/revisions"}],"predecessor-version":[{"id":988,"href":"https:\/\/www.lacgtmontreuil.fr\/index.php?rest_route=\/wp\/v2\/posts\/986\/revisions\/988"}],"wp:attachment":[{"href":"https:\/\/www.lacgtmontreuil.fr\/index.php?rest_route=%2Fwp%2Fv2%2Fmedia&parent=986"}],"wp:term":[{"taxonomy":"category","embeddable":true,"href":"https:\/\/www.lacgtmontreuil.fr\/index.php?rest_route=%2Fwp%2Fv2%2Fcategories&post=986"},{"taxonomy":"post_tag","embeddable":true,"href":"https:\/\/www.lacgtmontreuil.fr\/index.php?rest_route=%2Fwp%2Fv2%2Ftags&post=986"}],"curies":[{"name":"wp","href":"https:\/\/api.w.org\/{rel}","templated":true}]}}