{"id":9854,"date":"2025-03-22T19:33:17","date_gmt":"2025-03-22T18:33:17","guid":{"rendered":"https:\/\/www.lacgtmontreuil.fr\/?p=9854"},"modified":"2025-03-22T19:33:17","modified_gmt":"2025-03-22T18:33:17","slug":"je-tu-ul-n491-cse-durable","status":"publish","type":"post","link":"https:\/\/www.lacgtmontreuil.fr\/?p=9854","title":{"rendered":"Je, Tu, UL n\u00b0491 &#8211; CSE DURABLE"},"content":{"rendered":"49, rue Raspail \u2013 Chez MONTREUIL BIO \u00e0 l\u2019enseigne NATURALIA, la direction croyait s\u2019\u00eatre d\u00e9barrass\u00e9e de la repr\u00e9sentation du personnel suite au d\u00e9part de l\u2019\u00e9lu titulaire au CSE. C\u2019\u00e9tait sans compter avec le suppl\u00e9ant devenu titulaire, notre camarade Karim BOUKNATAR, qui s\u2019alarme de l\u2019absence de toute convocation ou r\u00e9union. Avec pour seule r\u00e9ponse, des modifications abusives de ses horaires de travail. A suivre !","protected":false},"excerpt":{"rendered":"<p>49, rue Raspail \u2013 Chez MONTREUIL BIO \u00e0 l\u2019enseigne NATURALIA, la direction croyait s\u2019\u00eatre d\u00e9barrass\u00e9e de la repr\u00e9sentation du personnel suite au d\u00e9part de l\u2019\u00e9lu titulaire au CSE. C\u2019\u00e9tait sans compter avec le suppl\u00e9ant devenu titulaire, notre camarade Karim BOUKNATAR, qui s\u2019alarme de l\u2019absence de toute convocation ou r\u00e9union. Avec pour seule r\u00e9ponse, des modifications &hellip; <\/p>\n","protected":false},"author":19,"featured_media":0,"comment_status":"closed","ping_status":"open","sticky":false,"template":"","format":"standard","meta":{"footnotes":""},"categories":[2],"tags":[],"class_list":{"0":"entry","1":"post","2":"publish","3":"author-sebastien","4":"post-9854","6":"format-standard","7":"category-je-tu-ul"},"_links":{"self":[{"href":"https:\/\/www.lacgtmontreuil.fr\/index.php?rest_route=\/wp\/v2\/posts\/9854","targetHints":{"allow":["GET"]}}],"collection":[{"href":"https:\/\/www.lacgtmontreuil.fr\/index.php?rest_route=\/wp\/v2\/posts"}],"about":[{"href":"https:\/\/www.lacgtmontreuil.fr\/index.php?rest_route=\/wp\/v2\/types\/post"}],"author":[{"embeddable":true,"href":"https:\/\/www.lacgtmontreuil.fr\/index.php?rest_route=\/wp\/v2\/users\/19"}],"replies":[{"embeddable":true,"href":"https:\/\/www.lacgtmontreuil.fr\/index.php?rest_route=%2Fwp%2Fv2%2Fcomments&post=9854"}],"version-history":[{"count":1,"href":"https:\/\/www.lacgtmontreuil.fr\/index.php?rest_route=\/wp\/v2\/posts\/9854\/revisions"}],"predecessor-version":[{"id":9857,"href":"https:\/\/www.lacgtmontreuil.fr\/index.php?rest_route=\/wp\/v2\/posts\/9854\/revisions\/9857"}],"wp:attachment":[{"href":"https:\/\/www.lacgtmontreuil.fr\/index.php?rest_route=%2Fwp%2Fv2%2Fmedia&parent=9854"}],"wp:term":[{"taxonomy":"category","embeddable":true,"href":"https:\/\/www.lacgtmontreuil.fr\/index.php?rest_route=%2Fwp%2Fv2%2Fcategories&post=9854"},{"taxonomy":"post_tag","embeddable":true,"href":"https:\/\/www.lacgtmontreuil.fr\/index.php?rest_route=%2Fwp%2Fv2%2Ftags&post=9854"}],"curies":[{"name":"wp","href":"https:\/\/api.w.org\/{rel}","templated":true}]}}