{"id":9842,"date":"2025-03-22T19:33:09","date_gmt":"2025-03-22T18:33:09","guid":{"rendered":"https:\/\/www.lacgtmontreuil.fr\/?p=9842"},"modified":"2025-03-22T19:33:10","modified_gmt":"2025-03-22T18:33:10","slug":"je-tu-ul-n491-inapte-mais-pas-inepte","status":"publish","type":"post","link":"https:\/\/www.lacgtmontreuil.fr\/?p=9842","title":{"rendered":"Je, Tu, UL n\u00b0491 &#8211; INAPTE MAIS PAS INEPTE"},"content":{"rendered":"2, avenue du Pr\u00e9sident Salvador Allende \u2013 La SOCIETE FA\u00c7ONNAGE IMPRESSION ROUTAGE (SFIR) avait cong\u00e9di\u00e9 apr\u00e8s 18 ans de bons et loyaux services, notre camarade Faouzi BENYAHIA pour \u00ab inaptitude physique \u00bb, omettant l\u2019origine professionnelle de son handicap. D\u00e9fendu par la CGT au Conseil de prud\u2019hommes, il fait condamner l\u2019employeur \u00e0 12879\u20ac d\u2019indemnit\u00e9 sp\u00e9ciale de licenciement et \u00e0 6747\u20ac au titre du doublement de son pr\u00e9avis.","protected":false},"excerpt":{"rendered":"<p>2, avenue du Pr\u00e9sident Salvador Allende \u2013 La SOCIETE FA\u00c7ONNAGE IMPRESSION ROUTAGE (SFIR) avait cong\u00e9di\u00e9 apr\u00e8s 18 ans de bons et loyaux services, notre camarade Faouzi BENYAHIA pour \u00ab inaptitude physique \u00bb, omettant l\u2019origine professionnelle de son handicap. D\u00e9fendu par la CGT au Conseil de prud\u2019hommes, il fait condamner l\u2019employeur \u00e0 12879\u20ac d\u2019indemnit\u00e9 sp\u00e9ciale de &hellip; <\/p>\n","protected":false},"author":19,"featured_media":0,"comment_status":"closed","ping_status":"open","sticky":false,"template":"","format":"standard","meta":{"footnotes":""},"categories":[2],"tags":[],"class_list":{"0":"entry","1":"post","2":"publish","3":"author-sebastien","4":"post-9842","6":"format-standard","7":"category-je-tu-ul"},"_links":{"self":[{"href":"https:\/\/www.lacgtmontreuil.fr\/index.php?rest_route=\/wp\/v2\/posts\/9842","targetHints":{"allow":["GET"]}}],"collection":[{"href":"https:\/\/www.lacgtmontreuil.fr\/index.php?rest_route=\/wp\/v2\/posts"}],"about":[{"href":"https:\/\/www.lacgtmontreuil.fr\/index.php?rest_route=\/wp\/v2\/types\/post"}],"author":[{"embeddable":true,"href":"https:\/\/www.lacgtmontreuil.fr\/index.php?rest_route=\/wp\/v2\/users\/19"}],"replies":[{"embeddable":true,"href":"https:\/\/www.lacgtmontreuil.fr\/index.php?rest_route=%2Fwp%2Fv2%2Fcomments&post=9842"}],"version-history":[{"count":1,"href":"https:\/\/www.lacgtmontreuil.fr\/index.php?rest_route=\/wp\/v2\/posts\/9842\/revisions"}],"predecessor-version":[{"id":9845,"href":"https:\/\/www.lacgtmontreuil.fr\/index.php?rest_route=\/wp\/v2\/posts\/9842\/revisions\/9845"}],"wp:attachment":[{"href":"https:\/\/www.lacgtmontreuil.fr\/index.php?rest_route=%2Fwp%2Fv2%2Fmedia&parent=9842"}],"wp:term":[{"taxonomy":"category","embeddable":true,"href":"https:\/\/www.lacgtmontreuil.fr\/index.php?rest_route=%2Fwp%2Fv2%2Fcategories&post=9842"},{"taxonomy":"post_tag","embeddable":true,"href":"https:\/\/www.lacgtmontreuil.fr\/index.php?rest_route=%2Fwp%2Fv2%2Ftags&post=9842"}],"curies":[{"name":"wp","href":"https:\/\/api.w.org\/{rel}","templated":true}]}}