{"id":9833,"date":"2025-03-22T19:33:00","date_gmt":"2025-03-22T18:33:00","guid":{"rendered":"https:\/\/www.lacgtmontreuil.fr\/?p=9833"},"modified":"2025-03-22T19:33:01","modified_gmt":"2025-03-22T18:33:01","slug":"je-tu-ul-n491-negociations-payantes","status":"publish","type":"post","link":"https:\/\/www.lacgtmontreuil.fr\/?p=9833","title":{"rendered":"Je, Tu, UL n\u00b0491 &#8211; N\u00c9GOCIATIONS PAYANTES"},"content":{"rendered":"place Jean Jaur\u00e8s \u2013 En MAIRIE DE MONTREUIL, la CGT a pes\u00e9 jusqu\u2019au bout pour obtenir une revalorisation de l\u2019action sociale en faveur du personnel. R\u00e9sultat : les n\u00e9gociations aboutissent \u00e0 une augmentation de 2,50\u20ac du ticket-restaurant (qui passe \u00e0 9,50\u20ac), \u00e0 l\u2019extension \u00e0 tous les agents gagnant moins de 2500\u20ac d\u2019une aide \u00e0 la Mutuelle de 40\u20ac par mois et d\u2019une hausse de 30% de la participation employeur \u00e0 la Pr\u00e9voyance. Ce point fera l\u2019objet d\u2019un groupe de travail pour porter \u00e0 50% la contribution, comme le r\u00e9clame la CGT. Au bilan, l\u2019enveloppe d\u00e9di\u00e9e \u00e0 l\u2019action sociale passe de 500 000 \u00e0 677 000\u20ac par an.","protected":false},"excerpt":{"rendered":"<p>place Jean Jaur\u00e8s \u2013 En MAIRIE DE MONTREUIL, la CGT a pes\u00e9 jusqu\u2019au bout pour obtenir une revalorisation de l\u2019action sociale en faveur du personnel. R\u00e9sultat : les n\u00e9gociations aboutissent \u00e0 une augmentation de 2,50\u20ac du ticket-restaurant (qui passe \u00e0 9,50\u20ac), \u00e0 l\u2019extension \u00e0 tous les agents gagnant moins de 2500\u20ac d\u2019une aide \u00e0 la &hellip; <\/p>\n","protected":false},"author":19,"featured_media":0,"comment_status":"closed","ping_status":"open","sticky":false,"template":"","format":"standard","meta":{"footnotes":""},"categories":[2],"tags":[],"class_list":{"0":"entry","1":"post","2":"publish","3":"author-sebastien","4":"post-9833","6":"format-standard","7":"category-je-tu-ul"},"_links":{"self":[{"href":"https:\/\/www.lacgtmontreuil.fr\/index.php?rest_route=\/wp\/v2\/posts\/9833","targetHints":{"allow":["GET"]}}],"collection":[{"href":"https:\/\/www.lacgtmontreuil.fr\/index.php?rest_route=\/wp\/v2\/posts"}],"about":[{"href":"https:\/\/www.lacgtmontreuil.fr\/index.php?rest_route=\/wp\/v2\/types\/post"}],"author":[{"embeddable":true,"href":"https:\/\/www.lacgtmontreuil.fr\/index.php?rest_route=\/wp\/v2\/users\/19"}],"replies":[{"embeddable":true,"href":"https:\/\/www.lacgtmontreuil.fr\/index.php?rest_route=%2Fwp%2Fv2%2Fcomments&post=9833"}],"version-history":[{"count":1,"href":"https:\/\/www.lacgtmontreuil.fr\/index.php?rest_route=\/wp\/v2\/posts\/9833\/revisions"}],"predecessor-version":[{"id":9839,"href":"https:\/\/www.lacgtmontreuil.fr\/index.php?rest_route=\/wp\/v2\/posts\/9833\/revisions\/9839"}],"wp:attachment":[{"href":"https:\/\/www.lacgtmontreuil.fr\/index.php?rest_route=%2Fwp%2Fv2%2Fmedia&parent=9833"}],"wp:term":[{"taxonomy":"category","embeddable":true,"href":"https:\/\/www.lacgtmontreuil.fr\/index.php?rest_route=%2Fwp%2Fv2%2Fcategories&post=9833"},{"taxonomy":"post_tag","embeddable":true,"href":"https:\/\/www.lacgtmontreuil.fr\/index.php?rest_route=%2Fwp%2Fv2%2Ftags&post=9833"}],"curies":[{"name":"wp","href":"https:\/\/api.w.org\/{rel}","templated":true}]}}