{"id":983,"date":"2018-02-20T17:01:31","date_gmt":"2018-02-20T16:01:31","guid":{"rendered":"http:\/\/www.lacgtmontreuil.fr\/?p=983"},"modified":"2018-02-20T17:01:31","modified_gmt":"2018-02-20T16:01:31","slug":"je-tu-ul-mi-mai-2014-n-166","status":"publish","type":"post","link":"https:\/\/www.lacgtmontreuil.fr\/?p=983","title":{"rendered":"Je, Tu, UL\u2026  Mi-Mai 2014  N\u00b0 166"},"content":{"rendered":"<p><strong> Les br\u00e8ves de l\u2019UL CGT de Montreuil, 24, rue de Paris<\/strong><\/p>\n<p><img loading=\"lazy\" decoding=\"async\" width=\"109\" height=\"155\" class=\"wp-image-984\" src=\"https:\/\/www.lacgtmontreuil.fr\/wp-content\/uploads\/2018\/02\/logo_cgt-127.jpeg\" alt=\"logo_cgt\" \/>\u00a0\u00a0 <strong>Je, Tu, UL\u2026\u00a0 Mi-Mai 2014\u00a0 N\u00b0 166<\/strong><\/p>\n<p><em>\u00ab\u00a0Pacte de responsabilit\u00e9\u00a0= statut de la ponction publique\u00a0\u00bb<\/em><\/p>\n<p><strong>HAPPY END\u00a0? :<\/strong> 7, avenue de la R\u00e9sistance \u2013 Le cin\u00e9ma MELIES va retrouver son \u00e9quipe historique. C\u2019est le 7 mai (veille de la F\u00eate de la Victoire) que la nouvelle municipalit\u00e9 de Montreuil a annonc\u00e9 la r\u00e9int\u00e9gration de nos camarades Marie BOUDON, Maud MANDILE et St\u00e9phane GOUDET, abusivement \u00e9vinc\u00e9s il y a un an. Un succ\u00e8s \u00e0 mettre au cr\u00e9dit de la mobilisation obstin\u00e9e du syndicat CGT, des usagers et cin\u00e9philes de Montreuil.<\/p>\n<p><strong>LE SOLEIL SE L\u00c8VE SUR QUINETTE :<\/strong> 240, rue de Rosny \u2013 C\u2019est donc le groupe japonais KOTOBUKI qui a \u00e9t\u00e9 retenu par le Tribunal de Commerce de Bobigny pour la reprise de QUINETTE-GALLAY et de son usine de Montreuil. Restent \u00e0 n\u00e9gocier avec le mandataire, Me BRIGNIER, les reclassements et les mesures d\u2019\u00e2ge, ce \u00e0 quoi les repr\u00e9sentants du personnel entendent s\u2019attaquer de pied ferme d\u00e8s ce lundi 12 mai, afin que la sauvegarde de l\u2019emploi demeure l\u2019axe prioritaire de la reprise, notamment dans les ateliers.<\/p>\n<p><strong>ABUS ET \u00c1 DIA\u00a0:<\/strong> 63, rue de Paris et 38, boulevard Rouget de Lisle \u2013 Les 2 magasins DIA de Montreuil s\u2019inqui\u00e8tent pour leur avenir. Avec un b\u00e9n\u00e9fice net en hausse de 9,4%, le groupe espagnol DIA vient en effet d\u2019annoncer son intention de brader son r\u00e9seau commercial en France et mandate la BNP Paribas pour une cession qui devrait se solder par de nombreuses fermetures de magasins. L\u2019opacit\u00e9 qui r\u00e8gne autour de cette op\u00e9ration dans laquelle r\u00e9apparaissent les groupes Carrefour (l\u2019ancien propri\u00e9taire jusqu\u2019en 2011) et Casino, vaut promesse de futurs licenciements boursiers.<\/p>\n<p><strong>COUP DE PIED DE L\u2019ANE :<\/strong> 10, rue Parmentier \u2013 Au CIDEFE, quand un d\u00e9l\u00e9gu\u00e9 se plaint du coup de pied du directeur, c\u2019est lui qui se retrouve convoqu\u00e9 en vue d\u2019un licenciement\u00a0! Cette m\u00e9saventure dont est victime notre camarade Boris MILISAVLJEVIC fait d\u2019autant plus r\u00e9agir le syndicat CGT du CIDEFE et le SNJ-CGT que cette convocation est assortie d\u2019une mise \u00e0 pied conservatoire et que le directeur n\u2019en est pas \u00e0 son premier \u00ab\u00a0coup\u00a0\u00bb d\u2019essai. La CGT rel\u00e8ve et s\u2019\u00e9tonne que \u00ab\u00a0cette sanction et cette pression insupportables interviennent au moment o\u00f9 le CIDEFE rencontre des difficult\u00e9s financi\u00e8res importantes\u00a0\u00bb.<\/p>\n<p><strong>JAJ A MAL AGI\u00a0:<\/strong> 48, rue Beaumarchais \u2013 Le groupe JAJ (connu pour sa marque vestimentaire \u00ab\u00a0Schott\u00a0\u00bb) avait licenci\u00e9 au bout de 4 ans de bons et loyaux services, Abdelhamid KHOLFI, pr\u00e9parateur de commandes, pour une sciatique, requalifi\u00e9e en \u00ab\u00a0insuffisance professionnelle\u00a0\u00bb. D\u00e9fendu par la CGT, il obtient 10\u00a0000 euros pour licenciement sans cause r\u00e9elle et s\u00e9rieuse et JAJ devra rembourser \u00e0 P\u00f4le-Emploi 6 mois de ses indemnit\u00e9s de ch\u00f4mage.<\/p>\n","protected":false},"excerpt":{"rendered":"<p>Les br\u00e8ves de l\u2019UL CGT de Montreuil, 24, rue de Paris \u00a0\u00a0 Je, Tu, UL\u2026\u00a0 Mi-Mai 2014\u00a0 N\u00b0 166 \u00ab\u00a0Pacte de responsabilit\u00e9\u00a0= statut de la ponction publique\u00a0\u00bb HAPPY END\u00a0? : 7, avenue de la R\u00e9sistance \u2013 Le cin\u00e9ma MELIES va retrouver son \u00e9quipe historique. C\u2019est le 7 mai (veille de la F\u00eate de la Victoire) &hellip; <\/p>\n","protected":false},"author":1,"featured_media":0,"comment_status":"closed","ping_status":"open","sticky":false,"template":"","format":"standard","meta":{"footnotes":""},"categories":[2],"tags":[],"class_list":{"0":"entry","1":"post","2":"publish","3":"author-ulmontreuil","4":"post-983","6":"format-standard","7":"category-je-tu-ul"},"_links":{"self":[{"href":"https:\/\/www.lacgtmontreuil.fr\/index.php?rest_route=\/wp\/v2\/posts\/983","targetHints":{"allow":["GET"]}}],"collection":[{"href":"https:\/\/www.lacgtmontreuil.fr\/index.php?rest_route=\/wp\/v2\/posts"}],"about":[{"href":"https:\/\/www.lacgtmontreuil.fr\/index.php?rest_route=\/wp\/v2\/types\/post"}],"author":[{"embeddable":true,"href":"https:\/\/www.lacgtmontreuil.fr\/index.php?rest_route=\/wp\/v2\/users\/1"}],"replies":[{"embeddable":true,"href":"https:\/\/www.lacgtmontreuil.fr\/index.php?rest_route=%2Fwp%2Fv2%2Fcomments&post=983"}],"version-history":[{"count":1,"href":"https:\/\/www.lacgtmontreuil.fr\/index.php?rest_route=\/wp\/v2\/posts\/983\/revisions"}],"predecessor-version":[{"id":985,"href":"https:\/\/www.lacgtmontreuil.fr\/index.php?rest_route=\/wp\/v2\/posts\/983\/revisions\/985"}],"wp:attachment":[{"href":"https:\/\/www.lacgtmontreuil.fr\/index.php?rest_route=%2Fwp%2Fv2%2Fmedia&parent=983"}],"wp:term":[{"taxonomy":"category","embeddable":true,"href":"https:\/\/www.lacgtmontreuil.fr\/index.php?rest_route=%2Fwp%2Fv2%2Fcategories&post=983"},{"taxonomy":"post_tag","embeddable":true,"href":"https:\/\/www.lacgtmontreuil.fr\/index.php?rest_route=%2Fwp%2Fv2%2Ftags&post=983"}],"curies":[{"name":"wp","href":"https:\/\/api.w.org\/{rel}","templated":true}]}}