{"id":9773,"date":"2025-03-08T19:43:08","date_gmt":"2025-03-08T18:43:08","guid":{"rendered":"https:\/\/www.lacgtmontreuil.fr\/?p=9773"},"modified":"2025-03-08T19:43:09","modified_gmt":"2025-03-08T18:43:09","slug":"je-tu-ul-n490-cgt-a-la-fenetre","status":"publish","type":"post","link":"https:\/\/www.lacgtmontreuil.fr\/?p=9773","title":{"rendered":"Je, Tu, UL n\u00b0490 &#8211; CGT \u00c1 LA FEN\u00caTRE"},"content":{"rendered":"41, rue Douy Delcupe \u2013 Chez IRIS FEN\u00caTRES, les 24 salari\u00e9s sont appel\u00e9s \u00e0 \u00e9lire leur CSE en mai. Seule pr\u00e9sente dans l\u2019entreprise, la CGT pr\u00e9sentera 2 candidats : nos camarades Christophe PORET et Dominique BATARD, tous deux nouvellement syndiqu\u00e9s.","protected":false},"excerpt":{"rendered":"<p>41, rue Douy Delcupe \u2013 Chez IRIS FEN\u00caTRES, les 24 salari\u00e9s sont appel\u00e9s \u00e0 \u00e9lire leur CSE en mai. Seule pr\u00e9sente dans l\u2019entreprise, la CGT pr\u00e9sentera 2 candidats : nos camarades Christophe PORET et Dominique BATARD, tous deux nouvellement syndiqu\u00e9s.<\/p>\n","protected":false},"author":19,"featured_media":0,"comment_status":"closed","ping_status":"open","sticky":false,"template":"","format":"standard","meta":{"footnotes":""},"categories":[2],"tags":[],"class_list":{"0":"entry","1":"post","2":"publish","3":"author-sebastien","4":"post-9773","6":"format-standard","7":"category-je-tu-ul"},"_links":{"self":[{"href":"https:\/\/www.lacgtmontreuil.fr\/index.php?rest_route=\/wp\/v2\/posts\/9773","targetHints":{"allow":["GET"]}}],"collection":[{"href":"https:\/\/www.lacgtmontreuil.fr\/index.php?rest_route=\/wp\/v2\/posts"}],"about":[{"href":"https:\/\/www.lacgtmontreuil.fr\/index.php?rest_route=\/wp\/v2\/types\/post"}],"author":[{"embeddable":true,"href":"https:\/\/www.lacgtmontreuil.fr\/index.php?rest_route=\/wp\/v2\/users\/19"}],"replies":[{"embeddable":true,"href":"https:\/\/www.lacgtmontreuil.fr\/index.php?rest_route=%2Fwp%2Fv2%2Fcomments&post=9773"}],"version-history":[{"count":1,"href":"https:\/\/www.lacgtmontreuil.fr\/index.php?rest_route=\/wp\/v2\/posts\/9773\/revisions"}],"predecessor-version":[{"id":9776,"href":"https:\/\/www.lacgtmontreuil.fr\/index.php?rest_route=\/wp\/v2\/posts\/9773\/revisions\/9776"}],"wp:attachment":[{"href":"https:\/\/www.lacgtmontreuil.fr\/index.php?rest_route=%2Fwp%2Fv2%2Fmedia&parent=9773"}],"wp:term":[{"taxonomy":"category","embeddable":true,"href":"https:\/\/www.lacgtmontreuil.fr\/index.php?rest_route=%2Fwp%2Fv2%2Fcategories&post=9773"},{"taxonomy":"post_tag","embeddable":true,"href":"https:\/\/www.lacgtmontreuil.fr\/index.php?rest_route=%2Fwp%2Fv2%2Ftags&post=9773"}],"curies":[{"name":"wp","href":"https:\/\/api.w.org\/{rel}","templated":true}]}}