{"id":9761,"date":"2025-03-08T19:42:56","date_gmt":"2025-03-08T18:42:56","guid":{"rendered":"https:\/\/www.lacgtmontreuil.fr\/?p=9761"},"modified":"2025-03-08T19:42:56","modified_gmt":"2025-03-08T18:42:56","slug":"je-tu-ul-n490-accidents-payants","status":"publish","type":"post","link":"https:\/\/www.lacgtmontreuil.fr\/?p=9761","title":{"rendered":"Je, Tu, UL n\u00b0490 &#8211; ACCIDENTS PAYANTS"},"content":{"rendered":"105, boulevard Chanzy \u2013 Aux ATELIERS RATP, la CGT d\u00e9nonce le courriel adress\u00e9 aux agents par la direction, subordonnant l\u2019attribution de primes jusqu\u2019\u00e0 500\u20ac\u2026\u00e0 la baisse par 3 du nombre des jours d\u2019arr\u00eat pour accidents du travail. Rappelant que la pr\u00e9servation de la sant\u00e9 des salari\u00e9-e-s est une pr\u00e9rogative incombant \u00e0 l\u2019employeur (article L.4121-1 du Code du travail), la CGT accuse la direction de vouloir invisibiliser les accidents du travail avec ce marchandage, en encourageant leur non-d\u00e9claration ou les d\u00e9clarations sans arr\u00eat de travail.","protected":false},"excerpt":{"rendered":"<p>105, boulevard Chanzy \u2013 Aux ATELIERS RATP, la CGT d\u00e9nonce le courriel adress\u00e9 aux agents par la direction, subordonnant l\u2019attribution de primes jusqu\u2019\u00e0 500\u20ac\u2026\u00e0 la baisse par 3 du nombre des jours d\u2019arr\u00eat pour accidents du travail. Rappelant que la pr\u00e9servation de la sant\u00e9 des salari\u00e9-e-s est une pr\u00e9rogative incombant \u00e0 l\u2019employeur (article L.4121-1 du &hellip; <\/p>\n","protected":false},"author":19,"featured_media":0,"comment_status":"closed","ping_status":"open","sticky":false,"template":"","format":"standard","meta":{"footnotes":""},"categories":[2],"tags":[],"class_list":{"0":"entry","1":"post","2":"publish","3":"author-sebastien","4":"post-9761","6":"format-standard","7":"category-je-tu-ul"},"_links":{"self":[{"href":"https:\/\/www.lacgtmontreuil.fr\/index.php?rest_route=\/wp\/v2\/posts\/9761","targetHints":{"allow":["GET"]}}],"collection":[{"href":"https:\/\/www.lacgtmontreuil.fr\/index.php?rest_route=\/wp\/v2\/posts"}],"about":[{"href":"https:\/\/www.lacgtmontreuil.fr\/index.php?rest_route=\/wp\/v2\/types\/post"}],"author":[{"embeddable":true,"href":"https:\/\/www.lacgtmontreuil.fr\/index.php?rest_route=\/wp\/v2\/users\/19"}],"replies":[{"embeddable":true,"href":"https:\/\/www.lacgtmontreuil.fr\/index.php?rest_route=%2Fwp%2Fv2%2Fcomments&post=9761"}],"version-history":[{"count":1,"href":"https:\/\/www.lacgtmontreuil.fr\/index.php?rest_route=\/wp\/v2\/posts\/9761\/revisions"}],"predecessor-version":[{"id":9764,"href":"https:\/\/www.lacgtmontreuil.fr\/index.php?rest_route=\/wp\/v2\/posts\/9761\/revisions\/9764"}],"wp:attachment":[{"href":"https:\/\/www.lacgtmontreuil.fr\/index.php?rest_route=%2Fwp%2Fv2%2Fmedia&parent=9761"}],"wp:term":[{"taxonomy":"category","embeddable":true,"href":"https:\/\/www.lacgtmontreuil.fr\/index.php?rest_route=%2Fwp%2Fv2%2Fcategories&post=9761"},{"taxonomy":"post_tag","embeddable":true,"href":"https:\/\/www.lacgtmontreuil.fr\/index.php?rest_route=%2Fwp%2Fv2%2Ftags&post=9761"}],"curies":[{"name":"wp","href":"https:\/\/api.w.org\/{rel}","templated":true}]}}