{"id":9755,"date":"2025-03-08T19:42:48","date_gmt":"2025-03-08T18:42:48","guid":{"rendered":"https:\/\/www.lacgtmontreuil.fr\/?p=9755"},"modified":"2025-03-08T19:42:48","modified_gmt":"2025-03-08T18:42:48","slug":"je-tu-ul-n490-a-la-recherche-du-temps-perdu","status":"publish","type":"post","link":"https:\/\/www.lacgtmontreuil.fr\/?p=9755","title":{"rendered":"Je, Tu, UL n\u00b0490 &#8211; \u00c1 LA RECHERCHE DU TEMPS PERDU\u2026"},"content":{"rendered":"31, rue D\u00e9sir\u00e9 Chevallier \u2013 Au LYC\u00c9E CONDORCET, les enseignants \u00e9taient en gr\u00e8ve jeudi 6 mars \u00e0 l\u2019appel de l\u2019intersyndicale CGT, SNES, SUD et FO contre le non-paiement des heures suppl\u00e9mentaires. Elles et ils d\u00e9noncent le vol de 150 heures depuis le d\u00e9but de l\u2019ann\u00e9e, effectu\u00e9es au titre des ateliers, des remplacements, des surveillances ou des cours de soutien. Derri\u00e8re ce non-paiement, les syndicats craignent aussi le rabougrissement de leurs missions et la suppression des ateliers, clubs et heures de soutien.","protected":false},"excerpt":{"rendered":"<p>31, rue D\u00e9sir\u00e9 Chevallier \u2013 Au LYC\u00c9E CONDORCET, les enseignants \u00e9taient en gr\u00e8ve jeudi 6 mars \u00e0 l\u2019appel de l\u2019intersyndicale CGT, SNES, SUD et FO contre le non-paiement des heures suppl\u00e9mentaires. Elles et ils d\u00e9noncent le vol de 150 heures depuis le d\u00e9but de l\u2019ann\u00e9e, effectu\u00e9es au titre des ateliers, des remplacements, des surveillances ou &hellip; <\/p>\n","protected":false},"author":19,"featured_media":0,"comment_status":"closed","ping_status":"open","sticky":false,"template":"","format":"standard","meta":{"footnotes":""},"categories":[2],"tags":[],"class_list":{"0":"entry","1":"post","2":"publish","3":"author-sebastien","4":"post-9755","6":"format-standard","7":"category-je-tu-ul"},"_links":{"self":[{"href":"https:\/\/www.lacgtmontreuil.fr\/index.php?rest_route=\/wp\/v2\/posts\/9755","targetHints":{"allow":["GET"]}}],"collection":[{"href":"https:\/\/www.lacgtmontreuil.fr\/index.php?rest_route=\/wp\/v2\/posts"}],"about":[{"href":"https:\/\/www.lacgtmontreuil.fr\/index.php?rest_route=\/wp\/v2\/types\/post"}],"author":[{"embeddable":true,"href":"https:\/\/www.lacgtmontreuil.fr\/index.php?rest_route=\/wp\/v2\/users\/19"}],"replies":[{"embeddable":true,"href":"https:\/\/www.lacgtmontreuil.fr\/index.php?rest_route=%2Fwp%2Fv2%2Fcomments&post=9755"}],"version-history":[{"count":1,"href":"https:\/\/www.lacgtmontreuil.fr\/index.php?rest_route=\/wp\/v2\/posts\/9755\/revisions"}],"predecessor-version":[{"id":9758,"href":"https:\/\/www.lacgtmontreuil.fr\/index.php?rest_route=\/wp\/v2\/posts\/9755\/revisions\/9758"}],"wp:attachment":[{"href":"https:\/\/www.lacgtmontreuil.fr\/index.php?rest_route=%2Fwp%2Fv2%2Fmedia&parent=9755"}],"wp:term":[{"taxonomy":"category","embeddable":true,"href":"https:\/\/www.lacgtmontreuil.fr\/index.php?rest_route=%2Fwp%2Fv2%2Fcategories&post=9755"},{"taxonomy":"post_tag","embeddable":true,"href":"https:\/\/www.lacgtmontreuil.fr\/index.php?rest_route=%2Fwp%2Fv2%2Ftags&post=9755"}],"curies":[{"name":"wp","href":"https:\/\/api.w.org\/{rel}","templated":true}]}}