{"id":9737,"date":"2025-03-01T19:33:51","date_gmt":"2025-03-01T18:33:51","guid":{"rendered":"https:\/\/www.lacgtmontreuil.fr\/?p=9737"},"modified":"2025-03-01T19:33:51","modified_gmt":"2025-03-01T18:33:51","slug":"je-tu-ul-n489-travail-illicite-sanctionne","status":"publish","type":"post","link":"https:\/\/www.lacgtmontreuil.fr\/?p=9737","title":{"rendered":"Je, Tu, UL n\u00b0489 &#8211; TRAVAIL ILLICITE SANCTIONN\u00c9"},"content":{"rendered":"47, rue de la Ferme \u2013 Chez SOCOBAT, aujourd\u2019hui liquid\u00e9e, le recours \u00e0 des travailleurs sans papier \u00e9tait, avec le d\u00e9samiantage, une sp\u00e9cialit\u00e9 maison. Victimes de cette exploitation, MM. DOUCOURE et DOUCOURE avaient les premiers saisi les prud\u2019hommes pour faire sanctionner le proc\u00e9d\u00e9. D\u00e9fendus par la CGT, ils r\u00e9coltent chacun 12 000 euros, moiti\u00e9 en salaires impay\u00e9s, moiti\u00e9 en indemnit\u00e9 pour travail illicite sur le fondement de l\u2019article L.8223-1 du Code du travail\u2026 trop peu sollicit\u00e9 contre les employeurs.","protected":false},"excerpt":{"rendered":"<p>47, rue de la Ferme \u2013 Chez SOCOBAT, aujourd\u2019hui liquid\u00e9e, le recours \u00e0 des travailleurs sans papier \u00e9tait, avec le d\u00e9samiantage, une sp\u00e9cialit\u00e9 maison. Victimes de cette exploitation, MM. DOUCOURE et DOUCOURE avaient les premiers saisi les prud\u2019hommes pour faire sanctionner le proc\u00e9d\u00e9. D\u00e9fendus par la CGT, ils r\u00e9coltent chacun 12 000 euros, moiti\u00e9 en &hellip; <\/p>\n","protected":false},"author":19,"featured_media":0,"comment_status":"closed","ping_status":"open","sticky":false,"template":"","format":"standard","meta":{"footnotes":""},"categories":[2],"tags":[],"class_list":{"0":"entry","1":"post","2":"publish","3":"author-sebastien","4":"post-9737","6":"format-standard","7":"category-je-tu-ul"},"_links":{"self":[{"href":"https:\/\/www.lacgtmontreuil.fr\/index.php?rest_route=\/wp\/v2\/posts\/9737","targetHints":{"allow":["GET"]}}],"collection":[{"href":"https:\/\/www.lacgtmontreuil.fr\/index.php?rest_route=\/wp\/v2\/posts"}],"about":[{"href":"https:\/\/www.lacgtmontreuil.fr\/index.php?rest_route=\/wp\/v2\/types\/post"}],"author":[{"embeddable":true,"href":"https:\/\/www.lacgtmontreuil.fr\/index.php?rest_route=\/wp\/v2\/users\/19"}],"replies":[{"embeddable":true,"href":"https:\/\/www.lacgtmontreuil.fr\/index.php?rest_route=%2Fwp%2Fv2%2Fcomments&post=9737"}],"version-history":[{"count":1,"href":"https:\/\/www.lacgtmontreuil.fr\/index.php?rest_route=\/wp\/v2\/posts\/9737\/revisions"}],"predecessor-version":[{"id":9740,"href":"https:\/\/www.lacgtmontreuil.fr\/index.php?rest_route=\/wp\/v2\/posts\/9737\/revisions\/9740"}],"wp:attachment":[{"href":"https:\/\/www.lacgtmontreuil.fr\/index.php?rest_route=%2Fwp%2Fv2%2Fmedia&parent=9737"}],"wp:term":[{"taxonomy":"category","embeddable":true,"href":"https:\/\/www.lacgtmontreuil.fr\/index.php?rest_route=%2Fwp%2Fv2%2Fcategories&post=9737"},{"taxonomy":"post_tag","embeddable":true,"href":"https:\/\/www.lacgtmontreuil.fr\/index.php?rest_route=%2Fwp%2Fv2%2Ftags&post=9737"}],"curies":[{"name":"wp","href":"https:\/\/api.w.org\/{rel}","templated":true}]}}