{"id":9731,"date":"2025-03-01T19:33:43","date_gmt":"2025-03-01T18:33:43","guid":{"rendered":"https:\/\/www.lacgtmontreuil.fr\/?p=9731"},"modified":"2025-03-01T19:33:43","modified_gmt":"2025-03-01T18:33:43","slug":"je-tu-ul-n489-pain-perdu","status":"publish","type":"post","link":"https:\/\/www.lacgtmontreuil.fr\/?p=9731","title":{"rendered":"Je, Tu, UL n\u00b0489 &#8211; PAIN PERDU"},"content":{"rendered":"15, place du G\u00e9n\u00e9ral de Gaulle \u2013 La boulangerie SANABEL, situ\u00e9e dans la galerie marchande de La Noue, avait voulu mettre \u00e0 la porte sa vendeuse, notre camarade Afifa A., sans autre forme de proc\u00e8s. Devant le Conseil de prud\u2019hommes, elle obtient la condamnation de SANABEL au paiement de plus de 10 000\u20ac \u00e0 titre de rappel de salaires, de cong\u00e9s et d\u2019indemnit\u00e9 pour licenciement sans cause r\u00e9elle ni s\u00e9rieuse.","protected":false},"excerpt":{"rendered":"<p>15, place du G\u00e9n\u00e9ral de Gaulle \u2013 La boulangerie SANABEL, situ\u00e9e dans la galerie marchande de La Noue, avait voulu mettre \u00e0 la porte sa vendeuse, notre camarade Afifa A., sans autre forme de proc\u00e8s. Devant le Conseil de prud\u2019hommes, elle obtient la condamnation de SANABEL au paiement de plus de 10 000\u20ac \u00e0 titre &hellip; <\/p>\n","protected":false},"author":19,"featured_media":0,"comment_status":"closed","ping_status":"open","sticky":false,"template":"","format":"standard","meta":{"footnotes":""},"categories":[2],"tags":[],"class_list":{"0":"entry","1":"post","2":"publish","3":"author-sebastien","4":"post-9731","6":"format-standard","7":"category-je-tu-ul"},"_links":{"self":[{"href":"https:\/\/www.lacgtmontreuil.fr\/index.php?rest_route=\/wp\/v2\/posts\/9731","targetHints":{"allow":["GET"]}}],"collection":[{"href":"https:\/\/www.lacgtmontreuil.fr\/index.php?rest_route=\/wp\/v2\/posts"}],"about":[{"href":"https:\/\/www.lacgtmontreuil.fr\/index.php?rest_route=\/wp\/v2\/types\/post"}],"author":[{"embeddable":true,"href":"https:\/\/www.lacgtmontreuil.fr\/index.php?rest_route=\/wp\/v2\/users\/19"}],"replies":[{"embeddable":true,"href":"https:\/\/www.lacgtmontreuil.fr\/index.php?rest_route=%2Fwp%2Fv2%2Fcomments&post=9731"}],"version-history":[{"count":1,"href":"https:\/\/www.lacgtmontreuil.fr\/index.php?rest_route=\/wp\/v2\/posts\/9731\/revisions"}],"predecessor-version":[{"id":9734,"href":"https:\/\/www.lacgtmontreuil.fr\/index.php?rest_route=\/wp\/v2\/posts\/9731\/revisions\/9734"}],"wp:attachment":[{"href":"https:\/\/www.lacgtmontreuil.fr\/index.php?rest_route=%2Fwp%2Fv2%2Fmedia&parent=9731"}],"wp:term":[{"taxonomy":"category","embeddable":true,"href":"https:\/\/www.lacgtmontreuil.fr\/index.php?rest_route=%2Fwp%2Fv2%2Fcategories&post=9731"},{"taxonomy":"post_tag","embeddable":true,"href":"https:\/\/www.lacgtmontreuil.fr\/index.php?rest_route=%2Fwp%2Fv2%2Ftags&post=9731"}],"curies":[{"name":"wp","href":"https:\/\/api.w.org\/{rel}","templated":true}]}}