{"id":9677,"date":"2025-03-01T19:33:34","date_gmt":"2025-03-01T18:33:34","guid":{"rendered":"https:\/\/www.lacgtmontreuil.fr\/?p=9677"},"modified":"2025-03-01T19:33:35","modified_gmt":"2025-03-01T18:33:35","slug":"je-tu-ul-n489-la-greve-nest-pas-de-tout-repos","status":"publish","type":"post","link":"https:\/\/www.lacgtmontreuil.fr\/?p=9677","title":{"rendered":"Je, Tu, UL n\u00b0489 &#8211; LA GR\u00c8VE N\u2019EST PAS DE TOUT REPOS"},"content":{"rendered":"44, boulevard Rouget de Lisle \u2013 La POSTE vient d\u2019\u00eatre d\u00e9savou\u00e9e par la Cour de cassation, suite au recours de la CGT contre les retenues abusives subies par les postiers gr\u00e9vistes. L\u2019entreprise appliquait en effet la r\u00e8gle de la fonction publique, consistant \u00e0 \u00e9tendre la retenue des jours de gr\u00e8ve\u2026 aux jours cons\u00e9cutifs de repos, dimanches, jours f\u00e9ri\u00e9s, repos de cycle ou cong\u00e9s pay\u00e9s. La Poste va donc devoir rembourser les gr\u00e9vistes ; quant aux fonctionnaires, la revendication de la suppression de cette mesure anti-gr\u00e8ve est d\u2019ores et d\u00e9j\u00e0 inscrite \u00e0 l\u2019ordre du jour.","protected":false},"excerpt":{"rendered":"<p>44, boulevard Rouget de Lisle \u2013 La POSTE vient d\u2019\u00eatre d\u00e9savou\u00e9e par la Cour de cassation, suite au recours de la CGT contre les retenues abusives subies par les postiers gr\u00e9vistes. L\u2019entreprise appliquait en effet la r\u00e8gle de la fonction publique, consistant \u00e0 \u00e9tendre la retenue des jours de gr\u00e8ve\u2026 aux jours cons\u00e9cutifs de repos, &hellip; <\/p>\n","protected":false},"author":19,"featured_media":0,"comment_status":"closed","ping_status":"open","sticky":false,"template":"","format":"standard","meta":{"footnotes":""},"categories":[2],"tags":[],"class_list":{"0":"entry","1":"post","2":"publish","3":"author-sebastien","4":"post-9677","6":"format-standard","7":"category-je-tu-ul"},"_links":{"self":[{"href":"https:\/\/www.lacgtmontreuil.fr\/index.php?rest_route=\/wp\/v2\/posts\/9677","targetHints":{"allow":["GET"]}}],"collection":[{"href":"https:\/\/www.lacgtmontreuil.fr\/index.php?rest_route=\/wp\/v2\/posts"}],"about":[{"href":"https:\/\/www.lacgtmontreuil.fr\/index.php?rest_route=\/wp\/v2\/types\/post"}],"author":[{"embeddable":true,"href":"https:\/\/www.lacgtmontreuil.fr\/index.php?rest_route=\/wp\/v2\/users\/19"}],"replies":[{"embeddable":true,"href":"https:\/\/www.lacgtmontreuil.fr\/index.php?rest_route=%2Fwp%2Fv2%2Fcomments&post=9677"}],"version-history":[{"count":1,"href":"https:\/\/www.lacgtmontreuil.fr\/index.php?rest_route=\/wp\/v2\/posts\/9677\/revisions"}],"predecessor-version":[{"id":9728,"href":"https:\/\/www.lacgtmontreuil.fr\/index.php?rest_route=\/wp\/v2\/posts\/9677\/revisions\/9728"}],"wp:attachment":[{"href":"https:\/\/www.lacgtmontreuil.fr\/index.php?rest_route=%2Fwp%2Fv2%2Fmedia&parent=9677"}],"wp:term":[{"taxonomy":"category","embeddable":true,"href":"https:\/\/www.lacgtmontreuil.fr\/index.php?rest_route=%2Fwp%2Fv2%2Fcategories&post=9677"},{"taxonomy":"post_tag","embeddable":true,"href":"https:\/\/www.lacgtmontreuil.fr\/index.php?rest_route=%2Fwp%2Fv2%2Ftags&post=9677"}],"curies":[{"name":"wp","href":"https:\/\/api.w.org\/{rel}","templated":true}]}}