{"id":9671,"date":"2025-02-22T20:34:26","date_gmt":"2025-02-22T19:34:26","guid":{"rendered":"https:\/\/www.lacgtmontreuil.fr\/?p=9671"},"modified":"2025-02-22T20:34:27","modified_gmt":"2025-02-22T19:34:27","slug":"je-tu-ul-n488-trop-charge","status":"publish","type":"post","link":"https:\/\/www.lacgtmontreuil.fr\/?p=9671","title":{"rendered":"Je, Tu, UL n\u00b0488 &#8211; TROP CHARG\u00c9 ?"},"content":{"rendered":"11, rue des Deux Communes \u2013 La DOUANE ayant \u00e9t\u00e9 d\u00e9sign\u00e9e comme l\u2019op\u00e9rateur n\u00b01 dans la lutte contre le narcotrafic, notre camarade Manuela DONA, secr\u00e9taire g\u00e9n\u00e9rale du SNAD-CGT, avait sollicit\u00e9 un rendez-vous avec Fran\u00e7ois BAYROU pour lui faire conna\u00eetre les remont\u00e9es du terrain. Rendez-vous refus\u00e9, au motif que le premier ministre est \u00ab trop charg\u00e9. On parle bien de coca\u00efne ?","protected":false},"excerpt":{"rendered":"<p>11, rue des Deux Communes \u2013 La DOUANE ayant \u00e9t\u00e9 d\u00e9sign\u00e9e comme l\u2019op\u00e9rateur n\u00b01 dans la lutte contre le narcotrafic, notre camarade Manuela DONA, secr\u00e9taire g\u00e9n\u00e9rale du SNAD-CGT, avait sollicit\u00e9 un rendez-vous avec Fran\u00e7ois BAYROU pour lui faire conna\u00eetre les remont\u00e9es du terrain. Rendez-vous refus\u00e9, au motif que le premier ministre est \u00ab trop charg\u00e9. &hellip; <\/p>\n","protected":false},"author":19,"featured_media":0,"comment_status":"closed","ping_status":"open","sticky":false,"template":"","format":"standard","meta":{"footnotes":""},"categories":[2],"tags":[],"class_list":{"0":"entry","1":"post","2":"publish","3":"author-sebastien","4":"post-9671","6":"format-standard","7":"category-je-tu-ul"},"_links":{"self":[{"href":"https:\/\/www.lacgtmontreuil.fr\/index.php?rest_route=\/wp\/v2\/posts\/9671","targetHints":{"allow":["GET"]}}],"collection":[{"href":"https:\/\/www.lacgtmontreuil.fr\/index.php?rest_route=\/wp\/v2\/posts"}],"about":[{"href":"https:\/\/www.lacgtmontreuil.fr\/index.php?rest_route=\/wp\/v2\/types\/post"}],"author":[{"embeddable":true,"href":"https:\/\/www.lacgtmontreuil.fr\/index.php?rest_route=\/wp\/v2\/users\/19"}],"replies":[{"embeddable":true,"href":"https:\/\/www.lacgtmontreuil.fr\/index.php?rest_route=%2Fwp%2Fv2%2Fcomments&post=9671"}],"version-history":[{"count":1,"href":"https:\/\/www.lacgtmontreuil.fr\/index.php?rest_route=\/wp\/v2\/posts\/9671\/revisions"}],"predecessor-version":[{"id":9674,"href":"https:\/\/www.lacgtmontreuil.fr\/index.php?rest_route=\/wp\/v2\/posts\/9671\/revisions\/9674"}],"wp:attachment":[{"href":"https:\/\/www.lacgtmontreuil.fr\/index.php?rest_route=%2Fwp%2Fv2%2Fmedia&parent=9671"}],"wp:term":[{"taxonomy":"category","embeddable":true,"href":"https:\/\/www.lacgtmontreuil.fr\/index.php?rest_route=%2Fwp%2Fv2%2Fcategories&post=9671"},{"taxonomy":"post_tag","embeddable":true,"href":"https:\/\/www.lacgtmontreuil.fr\/index.php?rest_route=%2Fwp%2Fv2%2Ftags&post=9671"}],"curies":[{"name":"wp","href":"https:\/\/api.w.org\/{rel}","templated":true}]}}