{"id":9665,"date":"2025-02-22T20:34:04","date_gmt":"2025-02-22T19:34:04","guid":{"rendered":"https:\/\/www.lacgtmontreuil.fr\/?p=9665"},"modified":"2025-02-22T20:34:05","modified_gmt":"2025-02-22T19:34:05","slug":"je-tu-ul-n488-a-larrache","status":"publish","type":"post","link":"https:\/\/www.lacgtmontreuil.fr\/?p=9665","title":{"rendered":"Je, Tu, UL n\u00b0488 &#8211; \u00c0 L\u2019ARRACHE"},"content":{"rendered":"278-280, rue de Paris \u2013 A l\u2019H\u00d4TEL IBIS PORTE DE MONTREUIL, la directrice voudrait convoquer, sous 4 jours, la r\u00e9union du CSE. D\u00e9lai \u00e0 l\u2019\u00e9vidence incompatible avec la n\u00e9cessaire pr\u00e9paration collective de l\u2019ordre du jour et contraire \u00e0 l\u2019usage d\u2019une planification des r\u00e9unions. C\u2019est ce que les \u00e9lu-e-s CGT (repr\u00e9sentatifs \u00e0 100%) ont rappel\u00e9 en annon\u00e7ant leur refus de si\u00e9ger lundi matin.","protected":false},"excerpt":{"rendered":"<p>278-280, rue de Paris \u2013 A l\u2019H\u00d4TEL IBIS PORTE DE MONTREUIL, la directrice voudrait convoquer, sous 4 jours, la r\u00e9union du CSE. D\u00e9lai \u00e0 l\u2019\u00e9vidence incompatible avec la n\u00e9cessaire pr\u00e9paration collective de l\u2019ordre du jour et contraire \u00e0 l\u2019usage d\u2019une planification des r\u00e9unions. C\u2019est ce que les \u00e9lu-e-s CGT (repr\u00e9sentatifs \u00e0 100%) ont rappel\u00e9 en &hellip; <\/p>\n","protected":false},"author":19,"featured_media":0,"comment_status":"closed","ping_status":"open","sticky":false,"template":"","format":"standard","meta":{"footnotes":""},"categories":[2],"tags":[],"class_list":{"0":"entry","1":"post","2":"publish","3":"author-sebastien","4":"post-9665","6":"format-standard","7":"category-je-tu-ul"},"_links":{"self":[{"href":"https:\/\/www.lacgtmontreuil.fr\/index.php?rest_route=\/wp\/v2\/posts\/9665","targetHints":{"allow":["GET"]}}],"collection":[{"href":"https:\/\/www.lacgtmontreuil.fr\/index.php?rest_route=\/wp\/v2\/posts"}],"about":[{"href":"https:\/\/www.lacgtmontreuil.fr\/index.php?rest_route=\/wp\/v2\/types\/post"}],"author":[{"embeddable":true,"href":"https:\/\/www.lacgtmontreuil.fr\/index.php?rest_route=\/wp\/v2\/users\/19"}],"replies":[{"embeddable":true,"href":"https:\/\/www.lacgtmontreuil.fr\/index.php?rest_route=%2Fwp%2Fv2%2Fcomments&post=9665"}],"version-history":[{"count":1,"href":"https:\/\/www.lacgtmontreuil.fr\/index.php?rest_route=\/wp\/v2\/posts\/9665\/revisions"}],"predecessor-version":[{"id":9668,"href":"https:\/\/www.lacgtmontreuil.fr\/index.php?rest_route=\/wp\/v2\/posts\/9665\/revisions\/9668"}],"wp:attachment":[{"href":"https:\/\/www.lacgtmontreuil.fr\/index.php?rest_route=%2Fwp%2Fv2%2Fmedia&parent=9665"}],"wp:term":[{"taxonomy":"category","embeddable":true,"href":"https:\/\/www.lacgtmontreuil.fr\/index.php?rest_route=%2Fwp%2Fv2%2Fcategories&post=9665"},{"taxonomy":"post_tag","embeddable":true,"href":"https:\/\/www.lacgtmontreuil.fr\/index.php?rest_route=%2Fwp%2Fv2%2Ftags&post=9665"}],"curies":[{"name":"wp","href":"https:\/\/api.w.org\/{rel}","templated":true}]}}