{"id":9659,"date":"2025-02-22T20:33:52","date_gmt":"2025-02-22T19:33:52","guid":{"rendered":"https:\/\/www.lacgtmontreuil.fr\/?p=9659"},"modified":"2025-02-22T20:33:53","modified_gmt":"2025-02-22T19:33:53","slug":"je-tu-ul-n488-triste-nouvelle","status":"publish","type":"post","link":"https:\/\/www.lacgtmontreuil.fr\/?p=9659","title":{"rendered":"Je, Tu, UL n\u00b0488 &#8211; TRISTE NOUVELLE"},"content":{"rendered":"24, rue de Paris \u2013 Le SYNDICAT CGT DES RETRAIT\u00c9(E)S a perdu l\u2019un de ses animateurs, notre camarade Paul ADAM, brutalement d\u00e9c\u00e9d\u00e9 la semaine derni\u00e8re. Ancien correcteur dans la presse, Paul contribuait activement ces derni\u00e8res ann\u00e9es \u00e0 la vie de son syndicat, \u00e0 l\u2019accueil des retrait\u00e9-e-s lors des permanences, ainsi qu\u2019\u00e0 l\u2019\u00e9criture des expressions syndicales. Ses fun\u00e9railles ont eu lieu mercredi 19 au P\u00e8re-Lachaise en pr\u00e9sence de ses tr\u00e8s nombreux amis, proches et camarades.","protected":false},"excerpt":{"rendered":"<p>24, rue de Paris \u2013 Le SYNDICAT CGT DES RETRAIT\u00c9(E)S a perdu l\u2019un de ses animateurs, notre camarade Paul ADAM, brutalement d\u00e9c\u00e9d\u00e9 la semaine derni\u00e8re. Ancien correcteur dans la presse, Paul contribuait activement ces derni\u00e8res ann\u00e9es \u00e0 la vie de son syndicat, \u00e0 l\u2019accueil des retrait\u00e9-e-s lors des permanences, ainsi qu\u2019\u00e0 l\u2019\u00e9criture des expressions syndicales. &hellip; <\/p>\n","protected":false},"author":19,"featured_media":0,"comment_status":"closed","ping_status":"open","sticky":false,"template":"","format":"standard","meta":{"footnotes":""},"categories":[2],"tags":[],"class_list":{"0":"entry","1":"post","2":"publish","3":"author-sebastien","4":"post-9659","6":"format-standard","7":"category-je-tu-ul"},"_links":{"self":[{"href":"https:\/\/www.lacgtmontreuil.fr\/index.php?rest_route=\/wp\/v2\/posts\/9659","targetHints":{"allow":["GET"]}}],"collection":[{"href":"https:\/\/www.lacgtmontreuil.fr\/index.php?rest_route=\/wp\/v2\/posts"}],"about":[{"href":"https:\/\/www.lacgtmontreuil.fr\/index.php?rest_route=\/wp\/v2\/types\/post"}],"author":[{"embeddable":true,"href":"https:\/\/www.lacgtmontreuil.fr\/index.php?rest_route=\/wp\/v2\/users\/19"}],"replies":[{"embeddable":true,"href":"https:\/\/www.lacgtmontreuil.fr\/index.php?rest_route=%2Fwp%2Fv2%2Fcomments&post=9659"}],"version-history":[{"count":1,"href":"https:\/\/www.lacgtmontreuil.fr\/index.php?rest_route=\/wp\/v2\/posts\/9659\/revisions"}],"predecessor-version":[{"id":9662,"href":"https:\/\/www.lacgtmontreuil.fr\/index.php?rest_route=\/wp\/v2\/posts\/9659\/revisions\/9662"}],"wp:attachment":[{"href":"https:\/\/www.lacgtmontreuil.fr\/index.php?rest_route=%2Fwp%2Fv2%2Fmedia&parent=9659"}],"wp:term":[{"taxonomy":"category","embeddable":true,"href":"https:\/\/www.lacgtmontreuil.fr\/index.php?rest_route=%2Fwp%2Fv2%2Fcategories&post=9659"},{"taxonomy":"post_tag","embeddable":true,"href":"https:\/\/www.lacgtmontreuil.fr\/index.php?rest_route=%2Fwp%2Fv2%2Ftags&post=9659"}],"curies":[{"name":"wp","href":"https:\/\/api.w.org\/{rel}","templated":true}]}}