{"id":9653,"date":"2025-02-22T20:33:30","date_gmt":"2025-02-22T19:33:30","guid":{"rendered":"https:\/\/www.lacgtmontreuil.fr\/?p=9653"},"modified":"2025-02-22T20:33:32","modified_gmt":"2025-02-22T19:33:32","slug":"je-tu-ul-n488-le-9-qui-fache","status":"publish","type":"post","link":"https:\/\/www.lacgtmontreuil.fr\/?p=9653","title":{"rendered":"Je, Tu, UL n\u00b0488 &#8211; LE 9 QUI F\u00c2CHE"},"content":{"rendered":"22-24, rue de Lagny \u2013 A l\u2019URSSAF, c\u2019est une n\u00e9gociation marathon qui peine \u00e0 se conclure apr\u00e8s 5 r\u00e9unions consacr\u00e9es au travail \u00e0 domicile. Le 13 f\u00e9vrier, la direction proposait \u00e0 la signature un protocole plafonnant \u00e0 9 heures, au lieu de 10 en pr\u00e9sentiel, la dur\u00e9e maximale de la journ\u00e9e de travail : c\u2019est bien connu, on se fatigue plus vite chez soi qu\u2019au boulot, apr\u00e8s son trajet domicile-travail ! La CGT s\u2019oppose donc \u00e0 ce projet et s\u2019adresse aux autres syndicats pour un refus unanime.","protected":false},"excerpt":{"rendered":"<p>22-24, rue de Lagny \u2013 A l\u2019URSSAF, c\u2019est une n\u00e9gociation marathon qui peine \u00e0 se conclure apr\u00e8s 5 r\u00e9unions consacr\u00e9es au travail \u00e0 domicile. Le 13 f\u00e9vrier, la direction proposait \u00e0 la signature un protocole plafonnant \u00e0 9 heures, au lieu de 10 en pr\u00e9sentiel, la dur\u00e9e maximale de la journ\u00e9e de travail : c\u2019est &hellip; <\/p>\n","protected":false},"author":19,"featured_media":0,"comment_status":"closed","ping_status":"open","sticky":false,"template":"","format":"standard","meta":{"footnotes":""},"categories":[2],"tags":[],"class_list":{"0":"entry","1":"post","2":"publish","3":"author-sebastien","4":"post-9653","6":"format-standard","7":"category-je-tu-ul"},"_links":{"self":[{"href":"https:\/\/www.lacgtmontreuil.fr\/index.php?rest_route=\/wp\/v2\/posts\/9653","targetHints":{"allow":["GET"]}}],"collection":[{"href":"https:\/\/www.lacgtmontreuil.fr\/index.php?rest_route=\/wp\/v2\/posts"}],"about":[{"href":"https:\/\/www.lacgtmontreuil.fr\/index.php?rest_route=\/wp\/v2\/types\/post"}],"author":[{"embeddable":true,"href":"https:\/\/www.lacgtmontreuil.fr\/index.php?rest_route=\/wp\/v2\/users\/19"}],"replies":[{"embeddable":true,"href":"https:\/\/www.lacgtmontreuil.fr\/index.php?rest_route=%2Fwp%2Fv2%2Fcomments&post=9653"}],"version-history":[{"count":1,"href":"https:\/\/www.lacgtmontreuil.fr\/index.php?rest_route=\/wp\/v2\/posts\/9653\/revisions"}],"predecessor-version":[{"id":9656,"href":"https:\/\/www.lacgtmontreuil.fr\/index.php?rest_route=\/wp\/v2\/posts\/9653\/revisions\/9656"}],"wp:attachment":[{"href":"https:\/\/www.lacgtmontreuil.fr\/index.php?rest_route=%2Fwp%2Fv2%2Fmedia&parent=9653"}],"wp:term":[{"taxonomy":"category","embeddable":true,"href":"https:\/\/www.lacgtmontreuil.fr\/index.php?rest_route=%2Fwp%2Fv2%2Fcategories&post=9653"},{"taxonomy":"post_tag","embeddable":true,"href":"https:\/\/www.lacgtmontreuil.fr\/index.php?rest_route=%2Fwp%2Fv2%2Ftags&post=9653"}],"curies":[{"name":"wp","href":"https:\/\/api.w.org\/{rel}","templated":true}]}}