{"id":9647,"date":"2025-02-22T20:33:04","date_gmt":"2025-02-22T19:33:04","guid":{"rendered":"https:\/\/www.lacgtmontreuil.fr\/?p=9647"},"modified":"2025-02-22T20:33:05","modified_gmt":"2025-02-22T19:33:05","slug":"je-tu-ul-n488-quand-la-nacelle-deborde","status":"publish","type":"post","link":"https:\/\/www.lacgtmontreuil.fr\/?p=9647","title":{"rendered":"Je, Tu, UL n\u00b0488 &#8211; QUAND LA NACELLE D\u00c9BORDE"},"content":{"rendered":"1, place Jean Jaur\u00e8s \u2013 En MAIRIE, les agents de la Mission technologies de s\u00e9curit\u00e9 revendiquent, pr\u00e9avis de gr\u00e8ve \u00e0 l\u2019appui, de pouvoir travailler, faute d\u2019outils \u00e0 leur disposition. L\u2019entretien et la maintenance de la vid\u00e9osurveillance exige en effet un camion-nacelle\u2026immobilis\u00e9 depuis 3 mois par un loueur. La CGT pr\u00e9conise donc l\u2019acquisition par la ville d\u2019un v\u00e9hicule nacelle, dont la maintenance serait assur\u00e9e par le garage municipal, et la revalorisation financi\u00e8re et statutaire de ces agents dont les responsabilit\u00e9s exc\u00e8dent le cadre de la cat\u00e9gorie C.","protected":false},"excerpt":{"rendered":"<p>1, place Jean Jaur\u00e8s \u2013 En MAIRIE, les agents de la Mission technologies de s\u00e9curit\u00e9 revendiquent, pr\u00e9avis de gr\u00e8ve \u00e0 l\u2019appui, de pouvoir travailler, faute d\u2019outils \u00e0 leur disposition. L\u2019entretien et la maintenance de la vid\u00e9osurveillance exige en effet un camion-nacelle\u2026immobilis\u00e9 depuis 3 mois par un loueur. La CGT pr\u00e9conise donc l\u2019acquisition par la ville &hellip; <\/p>\n","protected":false},"author":19,"featured_media":0,"comment_status":"closed","ping_status":"open","sticky":false,"template":"","format":"standard","meta":{"footnotes":""},"categories":[2],"tags":[],"class_list":{"0":"entry","1":"post","2":"publish","3":"author-sebastien","4":"post-9647","6":"format-standard","7":"category-je-tu-ul"},"_links":{"self":[{"href":"https:\/\/www.lacgtmontreuil.fr\/index.php?rest_route=\/wp\/v2\/posts\/9647","targetHints":{"allow":["GET"]}}],"collection":[{"href":"https:\/\/www.lacgtmontreuil.fr\/index.php?rest_route=\/wp\/v2\/posts"}],"about":[{"href":"https:\/\/www.lacgtmontreuil.fr\/index.php?rest_route=\/wp\/v2\/types\/post"}],"author":[{"embeddable":true,"href":"https:\/\/www.lacgtmontreuil.fr\/index.php?rest_route=\/wp\/v2\/users\/19"}],"replies":[{"embeddable":true,"href":"https:\/\/www.lacgtmontreuil.fr\/index.php?rest_route=%2Fwp%2Fv2%2Fcomments&post=9647"}],"version-history":[{"count":1,"href":"https:\/\/www.lacgtmontreuil.fr\/index.php?rest_route=\/wp\/v2\/posts\/9647\/revisions"}],"predecessor-version":[{"id":9650,"href":"https:\/\/www.lacgtmontreuil.fr\/index.php?rest_route=\/wp\/v2\/posts\/9647\/revisions\/9650"}],"wp:attachment":[{"href":"https:\/\/www.lacgtmontreuil.fr\/index.php?rest_route=%2Fwp%2Fv2%2Fmedia&parent=9647"}],"wp:term":[{"taxonomy":"category","embeddable":true,"href":"https:\/\/www.lacgtmontreuil.fr\/index.php?rest_route=%2Fwp%2Fv2%2Fcategories&post=9647"},{"taxonomy":"post_tag","embeddable":true,"href":"https:\/\/www.lacgtmontreuil.fr\/index.php?rest_route=%2Fwp%2Fv2%2Ftags&post=9647"}],"curies":[{"name":"wp","href":"https:\/\/api.w.org\/{rel}","templated":true}]}}