{"id":9638,"date":"2025-02-08T18:38:11","date_gmt":"2025-02-08T17:38:11","guid":{"rendered":"https:\/\/www.lacgtmontreuil.fr\/?p=9638"},"modified":"2025-02-08T18:38:11","modified_gmt":"2025-02-08T17:38:11","slug":"je-tu-ul-n487-autour-de-la-securite-sociale","status":"publish","type":"post","link":"https:\/\/www.lacgtmontreuil.fr\/?p=9638","title":{"rendered":"Je, Tu, UL n\u00b0487 &#8211; AUTOUR DE LA S\u00c9CURIT\u00c9 SOCIALE"},"content":{"rendered":"Place Jean Jaur\u00e8s \u2013 A l\u2019H\u00d4TEL DE VILLE DE MONTREUIL, \u00ab convergeons pour la S\u00e9curit\u00e9 Sociale \u00bb \u00e9tait le mot d\u2019ordre rassembleur pour des centaines de militant-e-s syndicaux et associatifs r\u00e9unis le 1er f\u00e9vrier dans la Salle des F\u00eates. Plusieurs tables rondes ont permis de d\u00e9battre des enjeux avec des responsables de la CGT. Avec \u00e0 l\u2019entr\u00e9e, un tract obligatoire du syndicat CGT des retrait\u00e9-e-s de Montreuil !","protected":false},"excerpt":{"rendered":"<p>Place Jean Jaur\u00e8s \u2013 A l\u2019H\u00d4TEL DE VILLE DE MONTREUIL, \u00ab convergeons pour la S\u00e9curit\u00e9 Sociale \u00bb \u00e9tait le mot d\u2019ordre rassembleur pour des centaines de militant-e-s syndicaux et associatifs r\u00e9unis le 1er f\u00e9vrier dans la Salle des F\u00eates. Plusieurs tables rondes ont permis de d\u00e9battre des enjeux avec des responsables de la CGT. Avec &hellip; <\/p>\n","protected":false},"author":19,"featured_media":0,"comment_status":"closed","ping_status":"open","sticky":false,"template":"","format":"standard","meta":{"footnotes":""},"categories":[2],"tags":[],"class_list":{"0":"entry","1":"post","2":"publish","3":"author-sebastien","4":"post-9638","6":"format-standard","7":"category-je-tu-ul"},"_links":{"self":[{"href":"https:\/\/www.lacgtmontreuil.fr\/index.php?rest_route=\/wp\/v2\/posts\/9638","targetHints":{"allow":["GET"]}}],"collection":[{"href":"https:\/\/www.lacgtmontreuil.fr\/index.php?rest_route=\/wp\/v2\/posts"}],"about":[{"href":"https:\/\/www.lacgtmontreuil.fr\/index.php?rest_route=\/wp\/v2\/types\/post"}],"author":[{"embeddable":true,"href":"https:\/\/www.lacgtmontreuil.fr\/index.php?rest_route=\/wp\/v2\/users\/19"}],"replies":[{"embeddable":true,"href":"https:\/\/www.lacgtmontreuil.fr\/index.php?rest_route=%2Fwp%2Fv2%2Fcomments&post=9638"}],"version-history":[{"count":1,"href":"https:\/\/www.lacgtmontreuil.fr\/index.php?rest_route=\/wp\/v2\/posts\/9638\/revisions"}],"predecessor-version":[{"id":9641,"href":"https:\/\/www.lacgtmontreuil.fr\/index.php?rest_route=\/wp\/v2\/posts\/9638\/revisions\/9641"}],"wp:attachment":[{"href":"https:\/\/www.lacgtmontreuil.fr\/index.php?rest_route=%2Fwp%2Fv2%2Fmedia&parent=9638"}],"wp:term":[{"taxonomy":"category","embeddable":true,"href":"https:\/\/www.lacgtmontreuil.fr\/index.php?rest_route=%2Fwp%2Fv2%2Fcategories&post=9638"},{"taxonomy":"post_tag","embeddable":true,"href":"https:\/\/www.lacgtmontreuil.fr\/index.php?rest_route=%2Fwp%2Fv2%2Ftags&post=9638"}],"curies":[{"name":"wp","href":"https:\/\/api.w.org\/{rel}","templated":true}]}}