{"id":9632,"date":"2025-02-08T18:38:05","date_gmt":"2025-02-08T17:38:05","guid":{"rendered":"https:\/\/www.lacgtmontreuil.fr\/?p=9632"},"modified":"2025-02-08T18:38:06","modified_gmt":"2025-02-08T17:38:06","slug":"je-tu-ul-n487-super-nova-en-eclipse","status":"publish","type":"post","link":"https:\/\/www.lacgtmontreuil.fr\/?p=9632","title":{"rendered":"Je, Tu, UL n\u00b0487 &#8211; SUPER NOVA EN \u00c9CLIPSE"},"content":{"rendered":"3, rue Franklin \u2013 A l\u2019AFPA, la CGT remporte un succ\u00e8s sur la pr\u00e9tention de la direction \u00e0 imposer le suivi d\u2019un module e-learning \u00ab D\u00e9couverte Nova 2028 \u00bb comme pr\u00e9alable aux entretiens professionnels 2025. Un pr\u00e9requis ill\u00e9gal, conditionnant un droit du salari\u00e9, qui a conduit \u00e0 un recul de la direction, l\u2019obligation se transformant en une \u00ab invitation \u00bb.","protected":false},"excerpt":{"rendered":"<p>3, rue Franklin \u2013 A l\u2019AFPA, la CGT remporte un succ\u00e8s sur la pr\u00e9tention de la direction \u00e0 imposer le suivi d\u2019un module e-learning \u00ab D\u00e9couverte Nova 2028 \u00bb comme pr\u00e9alable aux entretiens professionnels 2025. Un pr\u00e9requis ill\u00e9gal, conditionnant un droit du salari\u00e9, qui a conduit \u00e0 un recul de la direction, l\u2019obligation se transformant &hellip; <\/p>\n","protected":false},"author":19,"featured_media":0,"comment_status":"closed","ping_status":"open","sticky":false,"template":"","format":"standard","meta":{"footnotes":""},"categories":[2],"tags":[],"class_list":{"0":"entry","1":"post","2":"publish","3":"author-sebastien","4":"post-9632","6":"format-standard","7":"category-je-tu-ul"},"_links":{"self":[{"href":"https:\/\/www.lacgtmontreuil.fr\/index.php?rest_route=\/wp\/v2\/posts\/9632","targetHints":{"allow":["GET"]}}],"collection":[{"href":"https:\/\/www.lacgtmontreuil.fr\/index.php?rest_route=\/wp\/v2\/posts"}],"about":[{"href":"https:\/\/www.lacgtmontreuil.fr\/index.php?rest_route=\/wp\/v2\/types\/post"}],"author":[{"embeddable":true,"href":"https:\/\/www.lacgtmontreuil.fr\/index.php?rest_route=\/wp\/v2\/users\/19"}],"replies":[{"embeddable":true,"href":"https:\/\/www.lacgtmontreuil.fr\/index.php?rest_route=%2Fwp%2Fv2%2Fcomments&post=9632"}],"version-history":[{"count":1,"href":"https:\/\/www.lacgtmontreuil.fr\/index.php?rest_route=\/wp\/v2\/posts\/9632\/revisions"}],"predecessor-version":[{"id":9635,"href":"https:\/\/www.lacgtmontreuil.fr\/index.php?rest_route=\/wp\/v2\/posts\/9632\/revisions\/9635"}],"wp:attachment":[{"href":"https:\/\/www.lacgtmontreuil.fr\/index.php?rest_route=%2Fwp%2Fv2%2Fmedia&parent=9632"}],"wp:term":[{"taxonomy":"category","embeddable":true,"href":"https:\/\/www.lacgtmontreuil.fr\/index.php?rest_route=%2Fwp%2Fv2%2Fcategories&post=9632"},{"taxonomy":"post_tag","embeddable":true,"href":"https:\/\/www.lacgtmontreuil.fr\/index.php?rest_route=%2Fwp%2Fv2%2Ftags&post=9632"}],"curies":[{"name":"wp","href":"https:\/\/api.w.org\/{rel}","templated":true}]}}