{"id":9548,"date":"2025-01-18T23:47:34","date_gmt":"2025-01-18T22:47:34","guid":{"rendered":"https:\/\/www.lacgtmontreuil.fr\/?p=9548"},"modified":"2025-01-18T23:47:35","modified_gmt":"2025-01-18T22:47:35","slug":"je-tu-ul-n486-voeux-blindes","status":"publish","type":"post","link":"https:\/\/www.lacgtmontreuil.fr\/?p=9548","title":{"rendered":"Je, Tu, UL n\u00b0486 &#8211; VOEUX BLIND\u00c9S"},"content":{"rendered":"\n<p>24, rue de Paris \u2013 L\u2019UNION LOCALE CGT pr\u00e9sentait ses voeux pour 2025 le mercredi 8 au soir, aux salari\u00e9-e-s et \u00e0 la population de Montreuil. Parmi la centaine d\u2019invit\u00e9-e-s press\u00e9e autour des petits fours et du buffet, lui aussi de fabrication locale, les repr\u00e9sentants de l\u2019UD CGT 93, des UL CFE-CGC et FO et de la municipalit\u00e9, avec la pr\u00e9sence de Patrice BESSAC, maire de Montreuil.<\/p>\n","protected":false},"excerpt":{"rendered":"<p>24, rue de Paris \u2013 L\u2019UNION LOCALE CGT pr\u00e9sentait ses voeux pour 2025 le mercredi 8 au soir, aux salari\u00e9-e-s et \u00e0 la population de Montreuil. Parmi la centaine d\u2019invit\u00e9-e-s press\u00e9e autour des petits fours et du buffet, lui aussi de fabrication locale, les repr\u00e9sentants de l\u2019UD CGT 93, des UL CFE-CGC et FO et &hellip; <\/p>\n","protected":false},"author":19,"featured_media":0,"comment_status":"closed","ping_status":"open","sticky":false,"template":"","format":"standard","meta":{"footnotes":""},"categories":[2],"tags":[],"class_list":{"0":"entry","1":"post","2":"publish","3":"author-sebastien","4":"post-9548","6":"format-standard","7":"category-je-tu-ul"},"_links":{"self":[{"href":"https:\/\/www.lacgtmontreuil.fr\/index.php?rest_route=\/wp\/v2\/posts\/9548","targetHints":{"allow":["GET"]}}],"collection":[{"href":"https:\/\/www.lacgtmontreuil.fr\/index.php?rest_route=\/wp\/v2\/posts"}],"about":[{"href":"https:\/\/www.lacgtmontreuil.fr\/index.php?rest_route=\/wp\/v2\/types\/post"}],"author":[{"embeddable":true,"href":"https:\/\/www.lacgtmontreuil.fr\/index.php?rest_route=\/wp\/v2\/users\/19"}],"replies":[{"embeddable":true,"href":"https:\/\/www.lacgtmontreuil.fr\/index.php?rest_route=%2Fwp%2Fv2%2Fcomments&post=9548"}],"version-history":[{"count":2,"href":"https:\/\/www.lacgtmontreuil.fr\/index.php?rest_route=\/wp\/v2\/posts\/9548\/revisions"}],"predecessor-version":[{"id":9575,"href":"https:\/\/www.lacgtmontreuil.fr\/index.php?rest_route=\/wp\/v2\/posts\/9548\/revisions\/9575"}],"wp:attachment":[{"href":"https:\/\/www.lacgtmontreuil.fr\/index.php?rest_route=%2Fwp%2Fv2%2Fmedia&parent=9548"}],"wp:term":[{"taxonomy":"category","embeddable":true,"href":"https:\/\/www.lacgtmontreuil.fr\/index.php?rest_route=%2Fwp%2Fv2%2Fcategories&post=9548"},{"taxonomy":"post_tag","embeddable":true,"href":"https:\/\/www.lacgtmontreuil.fr\/index.php?rest_route=%2Fwp%2Fv2%2Ftags&post=9548"}],"curies":[{"name":"wp","href":"https:\/\/api.w.org\/{rel}","templated":true}]}}