{"id":9542,"date":"2025-01-18T23:48:06","date_gmt":"2025-01-18T22:48:06","guid":{"rendered":"https:\/\/www.lacgtmontreuil.fr\/?p=9542"},"modified":"2025-01-18T23:48:06","modified_gmt":"2025-01-18T22:48:06","slug":"je-tu-ul-n486-de-la-sous-traitance-a-la-surexploitation","status":"publish","type":"post","link":"https:\/\/www.lacgtmontreuil.fr\/?p=9542","title":{"rendered":"Je, Tu, UL n\u00b0486 &#8211; DE LA SOUS-TRAITANCE \u00c1 LA SUREXPLOITATION"},"content":{"rendered":"\n<p>22-24, rue de Lagny \u2013 Suite \u00e0 l\u2019\u00e9chec de la sous-traitance, l\u2019URSSAF d\u00e9cide d\u2019internaliser sans embauche sa plateforme t\u00e9l\u00e9phonique. Les gestionnaires de comptes devront sacrifier les dossiers en instance pour absorber le surcro\u00eet des missions, avec pour cons\u00e9quence une accumulation des dossiers \u00e0 traiter et la remise en cause des horaires variables.<br>La CGT s\u2019interroge : la direction croit-elle vraiment motiver les agents dans ce contexte avec les quelques miettes propos\u00e9es par la tutelle au travers de la nouvelle classification ?<\/p>\n","protected":false},"excerpt":{"rendered":"<p>22-24, rue de Lagny \u2013 Suite \u00e0 l\u2019\u00e9chec de la sous-traitance, l\u2019URSSAF d\u00e9cide d\u2019internaliser sans embauche sa plateforme t\u00e9l\u00e9phonique. Les gestionnaires de comptes devront sacrifier les dossiers en instance pour absorber le surcro\u00eet des missions, avec pour cons\u00e9quence une accumulation des dossiers \u00e0 traiter et la remise en cause des horaires variables.La CGT s\u2019interroge : &hellip; <\/p>\n","protected":false},"author":19,"featured_media":0,"comment_status":"closed","ping_status":"open","sticky":false,"template":"","format":"standard","meta":{"footnotes":""},"categories":[2],"tags":[],"class_list":{"0":"entry","1":"post","2":"publish","3":"author-sebastien","4":"post-9542","6":"format-standard","7":"category-je-tu-ul"},"_links":{"self":[{"href":"https:\/\/www.lacgtmontreuil.fr\/index.php?rest_route=\/wp\/v2\/posts\/9542","targetHints":{"allow":["GET"]}}],"collection":[{"href":"https:\/\/www.lacgtmontreuil.fr\/index.php?rest_route=\/wp\/v2\/posts"}],"about":[{"href":"https:\/\/www.lacgtmontreuil.fr\/index.php?rest_route=\/wp\/v2\/types\/post"}],"author":[{"embeddable":true,"href":"https:\/\/www.lacgtmontreuil.fr\/index.php?rest_route=\/wp\/v2\/users\/19"}],"replies":[{"embeddable":true,"href":"https:\/\/www.lacgtmontreuil.fr\/index.php?rest_route=%2Fwp%2Fv2%2Fcomments&post=9542"}],"version-history":[{"count":2,"href":"https:\/\/www.lacgtmontreuil.fr\/index.php?rest_route=\/wp\/v2\/posts\/9542\/revisions"}],"predecessor-version":[{"id":9578,"href":"https:\/\/www.lacgtmontreuil.fr\/index.php?rest_route=\/wp\/v2\/posts\/9542\/revisions\/9578"}],"wp:attachment":[{"href":"https:\/\/www.lacgtmontreuil.fr\/index.php?rest_route=%2Fwp%2Fv2%2Fmedia&parent=9542"}],"wp:term":[{"taxonomy":"category","embeddable":true,"href":"https:\/\/www.lacgtmontreuil.fr\/index.php?rest_route=%2Fwp%2Fv2%2Fcategories&post=9542"},{"taxonomy":"post_tag","embeddable":true,"href":"https:\/\/www.lacgtmontreuil.fr\/index.php?rest_route=%2Fwp%2Fv2%2Ftags&post=9542"}],"curies":[{"name":"wp","href":"https:\/\/api.w.org\/{rel}","templated":true}]}}