{"id":9437,"date":"2024-12-21T15:59:41","date_gmt":"2024-12-21T14:59:41","guid":{"rendered":"https:\/\/www.lacgtmontreuil.fr\/?p=9437"},"modified":"2024-12-21T15:59:41","modified_gmt":"2024-12-21T14:59:41","slug":"je-tu-ul-n484-popularite","status":"publish","type":"post","link":"https:\/\/www.lacgtmontreuil.fr\/?p=9437","title":{"rendered":"Je, Tu, UL n\u00b0484 &#8211; POPULARIT\u00c9"},"content":{"rendered":"9 bis, rue Dombasle \u2013 A la MAISON POPULAIRE, la CGT change de t\u00eate, avec la d\u00e9signation de Juliette GARDE comme nouvelle d\u00e9l\u00e9gu\u00e9e syndicale le 21 d\u00e9cembre. La section syndicale b\u00e9n\u00e9ficie d\u2019une repr\u00e9sentativit\u00e9 de 100% au sein de la structure.","protected":false},"excerpt":{"rendered":"<p>9 bis, rue Dombasle \u2013 A la MAISON POPULAIRE, la CGT change de t\u00eate, avec la d\u00e9signation de Juliette GARDE comme nouvelle d\u00e9l\u00e9gu\u00e9e syndicale le 21 d\u00e9cembre. La section syndicale b\u00e9n\u00e9ficie d\u2019une repr\u00e9sentativit\u00e9 de 100% au sein de la structure.<\/p>\n","protected":false},"author":19,"featured_media":0,"comment_status":"closed","ping_status":"open","sticky":false,"template":"","format":"standard","meta":{"footnotes":""},"categories":[2],"tags":[],"class_list":{"0":"entry","1":"post","2":"publish","3":"author-sebastien","4":"post-9437","6":"format-standard","7":"category-je-tu-ul"},"_links":{"self":[{"href":"https:\/\/www.lacgtmontreuil.fr\/index.php?rest_route=\/wp\/v2\/posts\/9437","targetHints":{"allow":["GET"]}}],"collection":[{"href":"https:\/\/www.lacgtmontreuil.fr\/index.php?rest_route=\/wp\/v2\/posts"}],"about":[{"href":"https:\/\/www.lacgtmontreuil.fr\/index.php?rest_route=\/wp\/v2\/types\/post"}],"author":[{"embeddable":true,"href":"https:\/\/www.lacgtmontreuil.fr\/index.php?rest_route=\/wp\/v2\/users\/19"}],"replies":[{"embeddable":true,"href":"https:\/\/www.lacgtmontreuil.fr\/index.php?rest_route=%2Fwp%2Fv2%2Fcomments&post=9437"}],"version-history":[{"count":1,"href":"https:\/\/www.lacgtmontreuil.fr\/index.php?rest_route=\/wp\/v2\/posts\/9437\/revisions"}],"predecessor-version":[{"id":9440,"href":"https:\/\/www.lacgtmontreuil.fr\/index.php?rest_route=\/wp\/v2\/posts\/9437\/revisions\/9440"}],"wp:attachment":[{"href":"https:\/\/www.lacgtmontreuil.fr\/index.php?rest_route=%2Fwp%2Fv2%2Fmedia&parent=9437"}],"wp:term":[{"taxonomy":"category","embeddable":true,"href":"https:\/\/www.lacgtmontreuil.fr\/index.php?rest_route=%2Fwp%2Fv2%2Fcategories&post=9437"},{"taxonomy":"post_tag","embeddable":true,"href":"https:\/\/www.lacgtmontreuil.fr\/index.php?rest_route=%2Fwp%2Fv2%2Ftags&post=9437"}],"curies":[{"name":"wp","href":"https:\/\/api.w.org\/{rel}","templated":true}]}}