{"id":9431,"date":"2024-12-21T15:59:35","date_gmt":"2024-12-21T14:59:35","guid":{"rendered":"https:\/\/www.lacgtmontreuil.fr\/?p=9431"},"modified":"2024-12-21T15:59:36","modified_gmt":"2024-12-21T14:59:36","slug":"je-tu-ul-n484-la-une-en-attente","status":"publish","type":"post","link":"https:\/\/www.lacgtmontreuil.fr\/?p=9431","title":{"rendered":"Je, Tu, UL n\u00b0484 &#8211; LA UNE EN ATTENTE"},"content":{"rendered":" Rue Lenain de Tillemont \u2013 La RATP avance avec lenteur sur le projet de prolongement de la ligne 1 du m\u00e9tro, au-del\u00e0 du Ch\u00e2teau de Vincennes. Inscrit au contrat de plan Etat-R\u00e9gion, le futur trac\u00e9 desservant la station \u00ab Grands P\u00eachers \u00bb \u00e0 Montreuil vient de faire l\u2019objet d\u2019une nouvelle \u00e9tude de faisabilit\u00e9, command\u00e9e par \u00cele-de-France Mobilit\u00e9s le 16 d\u00e9cembre. Un projet qui remonte \u00e0 1934 : bient\u00f4t centenaire.","protected":false},"excerpt":{"rendered":"<p>Rue Lenain de Tillemont \u2013 La RATP avance avec lenteur sur le projet de prolongement de la ligne 1 du m\u00e9tro, au-del\u00e0 du Ch\u00e2teau de Vincennes. Inscrit au contrat de plan Etat-R\u00e9gion, le futur trac\u00e9 desservant la station \u00ab Grands P\u00eachers \u00bb \u00e0 Montreuil vient de faire l\u2019objet d\u2019une nouvelle \u00e9tude de faisabilit\u00e9, command\u00e9e par &hellip; <\/p>\n","protected":false},"author":19,"featured_media":0,"comment_status":"closed","ping_status":"open","sticky":false,"template":"","format":"standard","meta":{"footnotes":""},"categories":[2],"tags":[],"class_list":{"0":"entry","1":"post","2":"publish","3":"author-sebastien","4":"post-9431","6":"format-standard","7":"category-je-tu-ul"},"_links":{"self":[{"href":"https:\/\/www.lacgtmontreuil.fr\/index.php?rest_route=\/wp\/v2\/posts\/9431","targetHints":{"allow":["GET"]}}],"collection":[{"href":"https:\/\/www.lacgtmontreuil.fr\/index.php?rest_route=\/wp\/v2\/posts"}],"about":[{"href":"https:\/\/www.lacgtmontreuil.fr\/index.php?rest_route=\/wp\/v2\/types\/post"}],"author":[{"embeddable":true,"href":"https:\/\/www.lacgtmontreuil.fr\/index.php?rest_route=\/wp\/v2\/users\/19"}],"replies":[{"embeddable":true,"href":"https:\/\/www.lacgtmontreuil.fr\/index.php?rest_route=%2Fwp%2Fv2%2Fcomments&post=9431"}],"version-history":[{"count":1,"href":"https:\/\/www.lacgtmontreuil.fr\/index.php?rest_route=\/wp\/v2\/posts\/9431\/revisions"}],"predecessor-version":[{"id":9434,"href":"https:\/\/www.lacgtmontreuil.fr\/index.php?rest_route=\/wp\/v2\/posts\/9431\/revisions\/9434"}],"wp:attachment":[{"href":"https:\/\/www.lacgtmontreuil.fr\/index.php?rest_route=%2Fwp%2Fv2%2Fmedia&parent=9431"}],"wp:term":[{"taxonomy":"category","embeddable":true,"href":"https:\/\/www.lacgtmontreuil.fr\/index.php?rest_route=%2Fwp%2Fv2%2Fcategories&post=9431"},{"taxonomy":"post_tag","embeddable":true,"href":"https:\/\/www.lacgtmontreuil.fr\/index.php?rest_route=%2Fwp%2Fv2%2Ftags&post=9431"}],"curies":[{"name":"wp","href":"https:\/\/api.w.org\/{rel}","templated":true}]}}