{"id":9395,"date":"2024-12-07T23:03:56","date_gmt":"2024-12-07T22:03:56","guid":{"rendered":"https:\/\/www.lacgtmontreuil.fr\/?p=9395"},"modified":"2024-12-07T23:03:57","modified_gmt":"2024-12-07T22:03:57","slug":"je-tu-ul-n483-rattrapage-syndical","status":"publish","type":"post","link":"https:\/\/www.lacgtmontreuil.fr\/?p=9395","title":{"rendered":"Je, Tu, UL n\u00b0483 &#8211; RATTRAPAGE SYNDICAL"},"content":{"rendered":"88, rue Robespierre \u2013 Au CENTRE D\u2019ACTION SOCIALE PROTESTANT (CASP), la CGT n\u2019avait pas pr\u00e9sent\u00e9 de liste aux \u00e9lections du CSE, se privant de sa repr\u00e9sentativit\u00e9. De nombreuses adh\u00e9sions changent aujourd\u2019hui la donne et le syndicat rena\u00eet avec la d\u00e9signation de notre camarade Khalid AABID comme repr\u00e9sentant de la section CGT au sein de l\u2019association.","protected":false},"excerpt":{"rendered":"<p>88, rue Robespierre \u2013 Au CENTRE D\u2019ACTION SOCIALE PROTESTANT (CASP), la CGT n\u2019avait pas pr\u00e9sent\u00e9 de liste aux \u00e9lections du CSE, se privant de sa repr\u00e9sentativit\u00e9. De nombreuses adh\u00e9sions changent aujourd\u2019hui la donne et le syndicat rena\u00eet avec la d\u00e9signation de notre camarade Khalid AABID comme repr\u00e9sentant de la section CGT au sein de l\u2019association.<\/p>\n","protected":false},"author":19,"featured_media":0,"comment_status":"closed","ping_status":"open","sticky":false,"template":"","format":"standard","meta":{"footnotes":""},"categories":[2],"tags":[],"class_list":{"0":"entry","1":"post","2":"publish","3":"author-sebastien","4":"post-9395","6":"format-standard","7":"category-je-tu-ul"},"_links":{"self":[{"href":"https:\/\/www.lacgtmontreuil.fr\/index.php?rest_route=\/wp\/v2\/posts\/9395","targetHints":{"allow":["GET"]}}],"collection":[{"href":"https:\/\/www.lacgtmontreuil.fr\/index.php?rest_route=\/wp\/v2\/posts"}],"about":[{"href":"https:\/\/www.lacgtmontreuil.fr\/index.php?rest_route=\/wp\/v2\/types\/post"}],"author":[{"embeddable":true,"href":"https:\/\/www.lacgtmontreuil.fr\/index.php?rest_route=\/wp\/v2\/users\/19"}],"replies":[{"embeddable":true,"href":"https:\/\/www.lacgtmontreuil.fr\/index.php?rest_route=%2Fwp%2Fv2%2Fcomments&post=9395"}],"version-history":[{"count":2,"href":"https:\/\/www.lacgtmontreuil.fr\/index.php?rest_route=\/wp\/v2\/posts\/9395\/revisions"}],"predecessor-version":[{"id":9410,"href":"https:\/\/www.lacgtmontreuil.fr\/index.php?rest_route=\/wp\/v2\/posts\/9395\/revisions\/9410"}],"wp:attachment":[{"href":"https:\/\/www.lacgtmontreuil.fr\/index.php?rest_route=%2Fwp%2Fv2%2Fmedia&parent=9395"}],"wp:term":[{"taxonomy":"category","embeddable":true,"href":"https:\/\/www.lacgtmontreuil.fr\/index.php?rest_route=%2Fwp%2Fv2%2Fcategories&post=9395"},{"taxonomy":"post_tag","embeddable":true,"href":"https:\/\/www.lacgtmontreuil.fr\/index.php?rest_route=%2Fwp%2Fv2%2Ftags&post=9395"}],"curies":[{"name":"wp","href":"https:\/\/api.w.org\/{rel}","templated":true}]}}