{"id":9383,"date":"2024-12-07T23:04:25","date_gmt":"2024-12-07T22:04:25","guid":{"rendered":"https:\/\/www.lacgtmontreuil.fr\/?p=9383"},"modified":"2024-12-07T23:04:26","modified_gmt":"2024-12-07T22:04:26","slug":"je-tu-ul-n483-apprentissage-de-la-lutte","status":"publish","type":"post","link":"https:\/\/www.lacgtmontreuil.fr\/?p=9383","title":{"rendered":"Je, Tu, UL n\u00b0483 &#8211; APPRENTISSAGE DE LA LUTTE"},"content":{"rendered":"1, rue Dombasle \u2013 Au LYCEE JEAN JAURES, le mouvement des enseignants \u00e9tait relay\u00e9 le 5 par une gr\u00e8ve lyc\u00e9enne contre l\u2019exclusion pour 8 jours de 11 \u00e9l\u00e8ves, alors que les pr\u00e9c\u00e9dents sur ce type de sanctions collectives \u00ab d\u2019intimidation \u00bb avaient \u00e9chou\u00e9 l\u2019an dernier. Au refus de la r\u00e9pression, les lyc\u00e9ens pointaient ainsi dans un tract le d\u00e9labrement des locaux scolaires, exigeant au passage la suppression de Parcoursup.","protected":false},"excerpt":{"rendered":"<p>1, rue Dombasle \u2013 Au LYCEE JEAN JAURES, le mouvement des enseignants \u00e9tait relay\u00e9 le 5 par une gr\u00e8ve lyc\u00e9enne contre l\u2019exclusion pour 8 jours de 11 \u00e9l\u00e8ves, alors que les pr\u00e9c\u00e9dents sur ce type de sanctions collectives \u00ab d\u2019intimidation \u00bb avaient \u00e9chou\u00e9 l\u2019an dernier. Au refus de la r\u00e9pression, les lyc\u00e9ens pointaient ainsi dans &hellip; <\/p>\n","protected":false},"author":19,"featured_media":0,"comment_status":"closed","ping_status":"open","sticky":false,"template":"","format":"standard","meta":{"footnotes":""},"categories":[2],"tags":[],"class_list":{"0":"entry","1":"post","2":"publish","3":"author-sebastien","4":"post-9383","6":"format-standard","7":"category-je-tu-ul"},"_links":{"self":[{"href":"https:\/\/www.lacgtmontreuil.fr\/index.php?rest_route=\/wp\/v2\/posts\/9383","targetHints":{"allow":["GET"]}}],"collection":[{"href":"https:\/\/www.lacgtmontreuil.fr\/index.php?rest_route=\/wp\/v2\/posts"}],"about":[{"href":"https:\/\/www.lacgtmontreuil.fr\/index.php?rest_route=\/wp\/v2\/types\/post"}],"author":[{"embeddable":true,"href":"https:\/\/www.lacgtmontreuil.fr\/index.php?rest_route=\/wp\/v2\/users\/19"}],"replies":[{"embeddable":true,"href":"https:\/\/www.lacgtmontreuil.fr\/index.php?rest_route=%2Fwp%2Fv2%2Fcomments&post=9383"}],"version-history":[{"count":1,"href":"https:\/\/www.lacgtmontreuil.fr\/index.php?rest_route=\/wp\/v2\/posts\/9383\/revisions"}],"predecessor-version":[{"id":9386,"href":"https:\/\/www.lacgtmontreuil.fr\/index.php?rest_route=\/wp\/v2\/posts\/9383\/revisions\/9386"}],"wp:attachment":[{"href":"https:\/\/www.lacgtmontreuil.fr\/index.php?rest_route=%2Fwp%2Fv2%2Fmedia&parent=9383"}],"wp:term":[{"taxonomy":"category","embeddable":true,"href":"https:\/\/www.lacgtmontreuil.fr\/index.php?rest_route=%2Fwp%2Fv2%2Fcategories&post=9383"},{"taxonomy":"post_tag","embeddable":true,"href":"https:\/\/www.lacgtmontreuil.fr\/index.php?rest_route=%2Fwp%2Fv2%2Ftags&post=9383"}],"curies":[{"name":"wp","href":"https:\/\/api.w.org\/{rel}","templated":true}]}}