{"id":9377,"date":"2024-12-07T23:04:39","date_gmt":"2024-12-07T22:04:39","guid":{"rendered":"https:\/\/www.lacgtmontreuil.fr\/?p=9377"},"modified":"2024-12-07T23:04:40","modified_gmt":"2024-12-07T22:04:40","slug":"je-tu-ul-n483-contre-le-fonctionnaire-bashing","status":"publish","type":"post","link":"https:\/\/www.lacgtmontreuil.fr\/?p=9377","title":{"rendered":"Je, Tu, UL n\u00b0483 &#8211; CONTRE LE FONCTIONNAIRE-BASHING"},"content":{"rendered":"Place Jean Jaur\u00e8s \u2013 La FONCTION PUBLIQUE \u00e0 Montreuil a r\u00e9pondu par la gr\u00e8ve le 5 d\u00e9cembre, \u00e0 l\u2019appel de l\u2019intersyndicale, avec un d\u00e9part collectif depuis la mairie. Mais au-del\u00e0 de la territoriale, se sont massivement mobilis\u00e9s les enseignants et personnels scolaires, les finances publiques, la Cour Nationale du Droit d\u2019Asile, la douane et les offices agricoles. Car si les gouvernements passent, les revendications restent, comme la mobilisation le 6 de l\u2019\u00e9tat-civil municipal l\u2019aura d\u00e9montr\u00e9. A suivre\u2026","protected":false},"excerpt":{"rendered":"<p>Place Jean Jaur\u00e8s \u2013 La FONCTION PUBLIQUE \u00e0 Montreuil a r\u00e9pondu par la gr\u00e8ve le 5 d\u00e9cembre, \u00e0 l\u2019appel de l\u2019intersyndicale, avec un d\u00e9part collectif depuis la mairie. Mais au-del\u00e0 de la territoriale, se sont massivement mobilis\u00e9s les enseignants et personnels scolaires, les finances publiques, la Cour Nationale du Droit d\u2019Asile, la douane et les &hellip; <\/p>\n","protected":false},"author":19,"featured_media":0,"comment_status":"closed","ping_status":"open","sticky":false,"template":"","format":"standard","meta":{"footnotes":""},"categories":[2],"tags":[],"class_list":{"0":"entry","1":"post","2":"publish","3":"author-sebastien","4":"post-9377","6":"format-standard","7":"category-je-tu-ul"},"_links":{"self":[{"href":"https:\/\/www.lacgtmontreuil.fr\/index.php?rest_route=\/wp\/v2\/posts\/9377","targetHints":{"allow":["GET"]}}],"collection":[{"href":"https:\/\/www.lacgtmontreuil.fr\/index.php?rest_route=\/wp\/v2\/posts"}],"about":[{"href":"https:\/\/www.lacgtmontreuil.fr\/index.php?rest_route=\/wp\/v2\/types\/post"}],"author":[{"embeddable":true,"href":"https:\/\/www.lacgtmontreuil.fr\/index.php?rest_route=\/wp\/v2\/users\/19"}],"replies":[{"embeddable":true,"href":"https:\/\/www.lacgtmontreuil.fr\/index.php?rest_route=%2Fwp%2Fv2%2Fcomments&post=9377"}],"version-history":[{"count":1,"href":"https:\/\/www.lacgtmontreuil.fr\/index.php?rest_route=\/wp\/v2\/posts\/9377\/revisions"}],"predecessor-version":[{"id":9380,"href":"https:\/\/www.lacgtmontreuil.fr\/index.php?rest_route=\/wp\/v2\/posts\/9377\/revisions\/9380"}],"wp:attachment":[{"href":"https:\/\/www.lacgtmontreuil.fr\/index.php?rest_route=%2Fwp%2Fv2%2Fmedia&parent=9377"}],"wp:term":[{"taxonomy":"category","embeddable":true,"href":"https:\/\/www.lacgtmontreuil.fr\/index.php?rest_route=%2Fwp%2Fv2%2Fcategories&post=9377"},{"taxonomy":"post_tag","embeddable":true,"href":"https:\/\/www.lacgtmontreuil.fr\/index.php?rest_route=%2Fwp%2Fv2%2Ftags&post=9377"}],"curies":[{"name":"wp","href":"https:\/\/api.w.org\/{rel}","templated":true}]}}