{"id":9365,"date":"2024-12-01T16:10:12","date_gmt":"2024-12-01T15:10:12","guid":{"rendered":"https:\/\/www.lacgtmontreuil.fr\/?p=9365"},"modified":"2024-12-01T16:10:12","modified_gmt":"2024-12-01T15:10:12","slug":"je-tu-ul-n482-il-etait-une-foi","status":"publish","type":"post","link":"https:\/\/www.lacgtmontreuil.fr\/?p=9365","title":{"rendered":"Je, Tu, UL n\u00b0482 &#8211; IL \u00c9TAIT UNE FOI"},"content":{"rendered":"9, rue de Rosny \u2013 A la CAVIMAC (S\u00e9curit\u00e9 sociale des agents du culte), le syndicat CGT se renouvelle. Le d\u00e9part en retraite de notre camarade Ghislaine TETU est en effet anticip\u00e9 avec la d\u00e9signation d\u2019An\u00e9mone LECLAND BAYONNE comme nouvelle d\u00e9l\u00e9gu\u00e9e CGT pour l\u2019organisme.","protected":false},"excerpt":{"rendered":"<p>9, rue de Rosny \u2013 A la CAVIMAC (S\u00e9curit\u00e9 sociale des agents du culte), le syndicat CGT se renouvelle. Le d\u00e9part en retraite de notre camarade Ghislaine TETU est en effet anticip\u00e9 avec la d\u00e9signation d\u2019An\u00e9mone LECLAND BAYONNE comme nouvelle d\u00e9l\u00e9gu\u00e9e CGT pour l\u2019organisme.<\/p>\n","protected":false},"author":19,"featured_media":0,"comment_status":"closed","ping_status":"open","sticky":false,"template":"","format":"standard","meta":{"footnotes":""},"categories":[2],"tags":[],"class_list":{"0":"entry","1":"post","2":"publish","3":"author-sebastien","4":"post-9365","6":"format-standard","7":"category-je-tu-ul"},"_links":{"self":[{"href":"https:\/\/www.lacgtmontreuil.fr\/index.php?rest_route=\/wp\/v2\/posts\/9365","targetHints":{"allow":["GET"]}}],"collection":[{"href":"https:\/\/www.lacgtmontreuil.fr\/index.php?rest_route=\/wp\/v2\/posts"}],"about":[{"href":"https:\/\/www.lacgtmontreuil.fr\/index.php?rest_route=\/wp\/v2\/types\/post"}],"author":[{"embeddable":true,"href":"https:\/\/www.lacgtmontreuil.fr\/index.php?rest_route=\/wp\/v2\/users\/19"}],"replies":[{"embeddable":true,"href":"https:\/\/www.lacgtmontreuil.fr\/index.php?rest_route=%2Fwp%2Fv2%2Fcomments&post=9365"}],"version-history":[{"count":1,"href":"https:\/\/www.lacgtmontreuil.fr\/index.php?rest_route=\/wp\/v2\/posts\/9365\/revisions"}],"predecessor-version":[{"id":9368,"href":"https:\/\/www.lacgtmontreuil.fr\/index.php?rest_route=\/wp\/v2\/posts\/9365\/revisions\/9368"}],"wp:attachment":[{"href":"https:\/\/www.lacgtmontreuil.fr\/index.php?rest_route=%2Fwp%2Fv2%2Fmedia&parent=9365"}],"wp:term":[{"taxonomy":"category","embeddable":true,"href":"https:\/\/www.lacgtmontreuil.fr\/index.php?rest_route=%2Fwp%2Fv2%2Fcategories&post=9365"},{"taxonomy":"post_tag","embeddable":true,"href":"https:\/\/www.lacgtmontreuil.fr\/index.php?rest_route=%2Fwp%2Fv2%2Ftags&post=9365"}],"curies":[{"name":"wp","href":"https:\/\/api.w.org\/{rel}","templated":true}]}}