{"id":936,"date":"2018-02-19T16:42:12","date_gmt":"2018-02-19T15:42:12","guid":{"rendered":"http:\/\/www.lacgtmontreuil.fr\/?p=936"},"modified":"2018-02-19T16:42:12","modified_gmt":"2018-02-19T15:42:12","slug":"je-tu-ul-fin-avril-2014-n-164","status":"publish","type":"post","link":"https:\/\/www.lacgtmontreuil.fr\/?p=936","title":{"rendered":"Je, Tu, UL\u2026  Fin Avril 2014  N\u00b0 164"},"content":{"rendered":"<p><strong> Les br\u00e8ves de l\u2019UL CGT de Montreuil, 24, rue de Paris<\/strong><\/p>\n<p><img loading=\"lazy\" decoding=\"async\" width=\"109\" height=\"155\" class=\"wp-image-937\" src=\"https:\/\/www.lacgtmontreuil.fr\/wp-content\/uploads\/2018\/02\/logo_cgt-125.jpeg\" alt=\"logo_cgt\" \/>\u00a0\u00a0 <strong>Je, Tu, UL\u2026\u00a0 Fin Avril 2014\u00a0 N\u00b0 164<\/strong><\/p>\n<p><em>\u00ab\u00a0Gel des salaires, baisse des cotisations patronales\u00a0: pas de charge pour les uns, pas de Valls pour les autres \u00bb<\/em><\/p>\n<p><strong>QUINETTE S\u2019APPR\u00caTE :<\/strong> 240, rue de Rosny \u2013 L\u2019attente continue pour les salari\u00e9s de QUINETTE-GALLAY avec l\u2019examen, le lundi 28 avril, des propositions de reprise par le Tribunal de Commercial de Bobigny. D\u2019ores et d\u00e9j\u00e0, les contacts ont permis que deux \u00e9ventuels repreneurs s\u2019engagent en termes d\u2019emplois, compte tenu des d\u00e9parts volontaires. Pour autant, les \u00e9lus CGT entendent bien que le plan de sauvegarde de l\u2019emploi pr\u00e9sent\u00e9 par le mandataire m\u00e9rite son nom et que l\u2019usine \u2013 dont les locaux actuels sont surdimensionn\u00e9s \u2013 reste Montreuilloise dans l\u2019avenir.<\/p>\n<p><strong>LE CO\u00dbT DU LAPIN :<\/strong> 28, rue Armand Carrel \u2013 UBISOFT doit d\u00e9sormais indemniser les dessinateurs que cette multinationale du jeu vid\u00e9o\u2026 licencie. Apr\u00e8s une premi\u00e8re condamnation \u00e0 payer 28000\u20ac \u00e0 un \u00ab\u00a0story boarder\u00a0\u00bb vir\u00e9 \u00e0 Montpellier, la s\u00e9rie continue avec ce mois-ci, deux autres graphistes qui r\u00e9coltent 50\u00a0000\u20ac devant le Conseil de Prud\u2019hommes\u00a0: il s\u2019agissait pourtant de quasi v\u00e9t\u00e9rans puisqu\u2019ils avaient travaill\u00e9 sur les \u00ab\u00a0lapins cr\u00e9tins\u00a0\u00bb puis sur \u00ab\u00a0Tintin\u00a0\u00bb avant de conna\u00eetre une fin de CDD requalifi\u00e9e en rupture abusive de CDI.<\/p>\n<p><strong>HANDICAP SUR L\u2019ACCORD\u00a0:<\/strong> 13, place du G\u00e9n\u00e9ral de Gaulle \u2013 A l\u2019AFPA, la commission de suivi de l\u2019Accord d\u2019entreprise sur l\u2019emploi des personnes en situation de handicap se r\u00e9unissait le 15 avril dernier pour le bilan 2013. Etonnement de la CGT, signataire de l\u2019accord, en d\u00e9couvrant une pr\u00e9sentation se limitant \u00e0 7 indicateurs sur les 17 pr\u00e9vus et un taux d\u2019emploi sp\u00e9cifique de 4% au si\u00e8ge. Si la CGT \u00e9tait l\u2019agence de notation, elle dirait \u00ab\u00a0peut mieux faire\u00a0\u00bb et certainement pas \u00ab\u00a0AAA\u00a0\u00bb pour la direction.<\/p>\n<p><strong>COMPLICIT\u00c9S \u00c9LECTIVES :<\/strong> 20, rue Rabelais \u2013 Chez COMPLICES, entreprise de confection, une longue carence de d\u00e9l\u00e9gu\u00e9s du personnel avait conduit notre camarade Zin\u00e9dine BENNA \u00e0 r\u00e9clamer la tenue d\u2019\u00e9lections professionnelles avant les vacances. Ce sera chose faite en juin, l\u2019Union Locale CGT ayant ratifi\u00e9 le protocole pr\u00e9-\u00e9lectroal des COMPLICES et la section CGT pr\u00e9parant ses listes pour une d\u00e9l\u00e9gation unique du personnel.<\/p>\n<p><strong>DU TROTTOIR AU PR\u00c9TOIRE\u00a0:<\/strong> 95, avenue du Pr\u00e9sident Wilson \u2013 A cette domiciliation, la SARL TN BAT (c\u2019est fou le nombre de ces soci\u00e9t\u00e9s \u00ab\u00a0machin BAT\u00a0\u00bb qui se domicilient \u00e0 Montreuil) avait pr\u00e9tendu conduire l\u2019entretien pr\u00e9alable au licenciement de notre camarade Mabrouk YAHIA HFAIED\u2026 sur le trottoir. Une d\u00e9sinvolture que le Conseil de Prud\u2019hommes de Bobigny vient de sanctionner le 23 avril, en condamnant TN BAT \u00e0 lui payer 13260,78\u20ac pour avoir, entre autres, omis de lui remettre son formulaire d\u2019invalidit\u00e9 et ses cong\u00e9s pay\u00e9s.<\/p>\n","protected":false},"excerpt":{"rendered":"<p>Les br\u00e8ves de l\u2019UL CGT de Montreuil, 24, rue de Paris \u00a0\u00a0 Je, Tu, UL\u2026\u00a0 Fin Avril 2014\u00a0 N\u00b0 164 \u00ab\u00a0Gel des salaires, baisse des cotisations patronales\u00a0: pas de charge pour les uns, pas de Valls pour les autres \u00bb QUINETTE S\u2019APPR\u00caTE : 240, rue de Rosny \u2013 L\u2019attente continue pour les salari\u00e9s de QUINETTE-GALLAY &hellip; <\/p>\n","protected":false},"author":1,"featured_media":0,"comment_status":"closed","ping_status":"open","sticky":false,"template":"","format":"standard","meta":{"footnotes":""},"categories":[2],"tags":[],"class_list":{"0":"entry","1":"post","2":"publish","3":"author-ulmontreuil","4":"post-936","6":"format-standard","7":"category-je-tu-ul"},"_links":{"self":[{"href":"https:\/\/www.lacgtmontreuil.fr\/index.php?rest_route=\/wp\/v2\/posts\/936","targetHints":{"allow":["GET"]}}],"collection":[{"href":"https:\/\/www.lacgtmontreuil.fr\/index.php?rest_route=\/wp\/v2\/posts"}],"about":[{"href":"https:\/\/www.lacgtmontreuil.fr\/index.php?rest_route=\/wp\/v2\/types\/post"}],"author":[{"embeddable":true,"href":"https:\/\/www.lacgtmontreuil.fr\/index.php?rest_route=\/wp\/v2\/users\/1"}],"replies":[{"embeddable":true,"href":"https:\/\/www.lacgtmontreuil.fr\/index.php?rest_route=%2Fwp%2Fv2%2Fcomments&post=936"}],"version-history":[{"count":1,"href":"https:\/\/www.lacgtmontreuil.fr\/index.php?rest_route=\/wp\/v2\/posts\/936\/revisions"}],"predecessor-version":[{"id":938,"href":"https:\/\/www.lacgtmontreuil.fr\/index.php?rest_route=\/wp\/v2\/posts\/936\/revisions\/938"}],"wp:attachment":[{"href":"https:\/\/www.lacgtmontreuil.fr\/index.php?rest_route=%2Fwp%2Fv2%2Fmedia&parent=936"}],"wp:term":[{"taxonomy":"category","embeddable":true,"href":"https:\/\/www.lacgtmontreuil.fr\/index.php?rest_route=%2Fwp%2Fv2%2Fcategories&post=936"},{"taxonomy":"post_tag","embeddable":true,"href":"https:\/\/www.lacgtmontreuil.fr\/index.php?rest_route=%2Fwp%2Fv2%2Ftags&post=936"}],"curies":[{"name":"wp","href":"https:\/\/api.w.org\/{rel}","templated":true}]}}