{"id":9359,"date":"2024-12-01T16:10:18","date_gmt":"2024-12-01T15:10:18","guid":{"rendered":"https:\/\/www.lacgtmontreuil.fr\/?p=9359"},"modified":"2024-12-01T16:10:18","modified_gmt":"2024-12-01T15:10:18","slug":"je-tu-ul-n482-fin-qui-nen-finit-pas-de-fin","status":"publish","type":"post","link":"https:\/\/www.lacgtmontreuil.fr\/?p=9359","title":{"rendered":"Je, Tu, UL n\u00b0482 &#8211; FIN QUI N\u2019EN FINIT PAS DE FIN"},"content":{"rendered":"22-24, rue de Lagny \u2013 A l\u2019URSSAF, la CGT alerte sur le d\u00e9lai de traitement des fins de contrat des coll\u00e8gues en CDD. Si la date de sortie se fait apr\u00e8s la cl\u00f4ture de la paye, documents et salaires arrivent avec un mois de retard, faute d\u2019un traitement manuel \u00e0 la RH r\u00e9gionale. Un probl\u00e8me g\u00e9n\u00e9r\u00e9 par une centralisation de l\u2019\u00e9dition des documents RH au niveau de l\u2019URSSAF Midi-Pyr\u00e9n\u00e9es. Pourquoi faire simple, quand on peut faire\u2026 \u00e9loign\u00e9 !","protected":false},"excerpt":{"rendered":"<p>22-24, rue de Lagny \u2013 A l\u2019URSSAF, la CGT alerte sur le d\u00e9lai de traitement des fins de contrat des coll\u00e8gues en CDD. Si la date de sortie se fait apr\u00e8s la cl\u00f4ture de la paye, documents et salaires arrivent avec un mois de retard, faute d\u2019un traitement manuel \u00e0 la RH r\u00e9gionale. Un probl\u00e8me &hellip; <\/p>\n","protected":false},"author":19,"featured_media":0,"comment_status":"closed","ping_status":"open","sticky":false,"template":"","format":"standard","meta":{"footnotes":""},"categories":[2],"tags":[],"class_list":{"0":"entry","1":"post","2":"publish","3":"author-sebastien","4":"post-9359","6":"format-standard","7":"category-je-tu-ul"},"_links":{"self":[{"href":"https:\/\/www.lacgtmontreuil.fr\/index.php?rest_route=\/wp\/v2\/posts\/9359","targetHints":{"allow":["GET"]}}],"collection":[{"href":"https:\/\/www.lacgtmontreuil.fr\/index.php?rest_route=\/wp\/v2\/posts"}],"about":[{"href":"https:\/\/www.lacgtmontreuil.fr\/index.php?rest_route=\/wp\/v2\/types\/post"}],"author":[{"embeddable":true,"href":"https:\/\/www.lacgtmontreuil.fr\/index.php?rest_route=\/wp\/v2\/users\/19"}],"replies":[{"embeddable":true,"href":"https:\/\/www.lacgtmontreuil.fr\/index.php?rest_route=%2Fwp%2Fv2%2Fcomments&post=9359"}],"version-history":[{"count":1,"href":"https:\/\/www.lacgtmontreuil.fr\/index.php?rest_route=\/wp\/v2\/posts\/9359\/revisions"}],"predecessor-version":[{"id":9362,"href":"https:\/\/www.lacgtmontreuil.fr\/index.php?rest_route=\/wp\/v2\/posts\/9359\/revisions\/9362"}],"wp:attachment":[{"href":"https:\/\/www.lacgtmontreuil.fr\/index.php?rest_route=%2Fwp%2Fv2%2Fmedia&parent=9359"}],"wp:term":[{"taxonomy":"category","embeddable":true,"href":"https:\/\/www.lacgtmontreuil.fr\/index.php?rest_route=%2Fwp%2Fv2%2Fcategories&post=9359"},{"taxonomy":"post_tag","embeddable":true,"href":"https:\/\/www.lacgtmontreuil.fr\/index.php?rest_route=%2Fwp%2Fv2%2Ftags&post=9359"}],"curies":[{"name":"wp","href":"https:\/\/api.w.org\/{rel}","templated":true}]}}