{"id":9353,"date":"2024-12-01T16:10:24","date_gmt":"2024-12-01T15:10:24","guid":{"rendered":"https:\/\/www.lacgtmontreuil.fr\/?p=9353"},"modified":"2024-12-01T16:10:24","modified_gmt":"2024-12-01T15:10:24","slug":"je-tu-ul-n482-remise-en-etat","status":"publish","type":"post","link":"https:\/\/www.lacgtmontreuil.fr\/?p=9353","title":{"rendered":"Je, Tu, UL n\u00b0482 &#8211; REMISE EN \u00c9TAT"},"content":{"rendered":"1, place Aim\u00e9 C\u00e9saire \u2013 L\u2019ETAT-CIVIL DE LA MAIRIE vient de purger son cahier de revendication. Le sous-effectif du service municipal avait engendr\u00e9 un calendrier inacceptable pour les agents et justifi\u00e9 le d\u00e9p\u00f4t d\u2019un pr\u00e9avis de gr\u00e8ve par la CGT pour obtenir son retrait. Premi\u00e8re revendication satisfaite avec l\u2019annonce de l\u2019abandon dudit calendrier et la promesse (\u00e0 v\u00e9rifier) de prochains recrutements pour renforcer le service. Les effets et la cause.","protected":false},"excerpt":{"rendered":"<p>1, place Aim\u00e9 C\u00e9saire \u2013 L\u2019ETAT-CIVIL DE LA MAIRIE vient de purger son cahier de revendication. Le sous-effectif du service municipal avait engendr\u00e9 un calendrier inacceptable pour les agents et justifi\u00e9 le d\u00e9p\u00f4t d\u2019un pr\u00e9avis de gr\u00e8ve par la CGT pour obtenir son retrait. Premi\u00e8re revendication satisfaite avec l\u2019annonce de l\u2019abandon dudit calendrier et la &hellip; <\/p>\n","protected":false},"author":19,"featured_media":0,"comment_status":"closed","ping_status":"open","sticky":false,"template":"","format":"standard","meta":{"footnotes":""},"categories":[2],"tags":[],"class_list":{"0":"entry","1":"post","2":"publish","3":"author-sebastien","4":"post-9353","6":"format-standard","7":"category-je-tu-ul"},"_links":{"self":[{"href":"https:\/\/www.lacgtmontreuil.fr\/index.php?rest_route=\/wp\/v2\/posts\/9353","targetHints":{"allow":["GET"]}}],"collection":[{"href":"https:\/\/www.lacgtmontreuil.fr\/index.php?rest_route=\/wp\/v2\/posts"}],"about":[{"href":"https:\/\/www.lacgtmontreuil.fr\/index.php?rest_route=\/wp\/v2\/types\/post"}],"author":[{"embeddable":true,"href":"https:\/\/www.lacgtmontreuil.fr\/index.php?rest_route=\/wp\/v2\/users\/19"}],"replies":[{"embeddable":true,"href":"https:\/\/www.lacgtmontreuil.fr\/index.php?rest_route=%2Fwp%2Fv2%2Fcomments&post=9353"}],"version-history":[{"count":1,"href":"https:\/\/www.lacgtmontreuil.fr\/index.php?rest_route=\/wp\/v2\/posts\/9353\/revisions"}],"predecessor-version":[{"id":9356,"href":"https:\/\/www.lacgtmontreuil.fr\/index.php?rest_route=\/wp\/v2\/posts\/9353\/revisions\/9356"}],"wp:attachment":[{"href":"https:\/\/www.lacgtmontreuil.fr\/index.php?rest_route=%2Fwp%2Fv2%2Fmedia&parent=9353"}],"wp:term":[{"taxonomy":"category","embeddable":true,"href":"https:\/\/www.lacgtmontreuil.fr\/index.php?rest_route=%2Fwp%2Fv2%2Fcategories&post=9353"},{"taxonomy":"post_tag","embeddable":true,"href":"https:\/\/www.lacgtmontreuil.fr\/index.php?rest_route=%2Fwp%2Fv2%2Ftags&post=9353"}],"curies":[{"name":"wp","href":"https:\/\/api.w.org\/{rel}","templated":true}]}}