{"id":9347,"date":"2024-12-01T16:10:30","date_gmt":"2024-12-01T15:10:30","guid":{"rendered":"https:\/\/www.lacgtmontreuil.fr\/?p=9347"},"modified":"2024-12-01T16:10:31","modified_gmt":"2024-12-01T15:10:31","slug":"je-tu-ul-n482-sante-fragile","status":"publish","type":"post","link":"https:\/\/www.lacgtmontreuil.fr\/?p=9347","title":{"rendered":"Je, Tu, UL n\u00b0482 &#8211; SANT\u00c9 FRAGILE"},"content":{"rendered":"2, rue Armand Carrel \u2013 Le CENTRE SANTE MEDIA s\u2019est volatilis\u00e9 dans la liquidation judiciaire de la n\u00e9buleuse AVEC S.A. constitu\u00e9e autour du Dr Bernard Bensa\u00efd, qui avait repris l\u2019APATS (Association Pour l\u2019Acc\u00e8s de Tous aux Soins) et qui g\u00e9rait le centre de Montreuil. Un \u00ab accident industriel \u00bb qui provoque en France pr\u00e9s de 300 licenciements, dont ceux des personnels de SANTE MEDIA, ass\u00e9chant un peu plus encore le d\u00e9sert m\u00e9dical qu\u2019est devenue la Seine-Saint-Denis.","protected":false},"excerpt":{"rendered":"<p>2, rue Armand Carrel \u2013 Le CENTRE SANTE MEDIA s\u2019est volatilis\u00e9 dans la liquidation judiciaire de la n\u00e9buleuse AVEC S.A. constitu\u00e9e autour du Dr Bernard Bensa\u00efd, qui avait repris l\u2019APATS (Association Pour l\u2019Acc\u00e8s de Tous aux Soins) et qui g\u00e9rait le centre de Montreuil. Un \u00ab accident industriel \u00bb qui provoque en France pr\u00e9s de &hellip; <\/p>\n","protected":false},"author":19,"featured_media":0,"comment_status":"closed","ping_status":"open","sticky":false,"template":"","format":"standard","meta":{"footnotes":""},"categories":[2],"tags":[],"class_list":{"0":"entry","1":"post","2":"publish","3":"author-sebastien","4":"post-9347","6":"format-standard","7":"category-je-tu-ul"},"_links":{"self":[{"href":"https:\/\/www.lacgtmontreuil.fr\/index.php?rest_route=\/wp\/v2\/posts\/9347","targetHints":{"allow":["GET"]}}],"collection":[{"href":"https:\/\/www.lacgtmontreuil.fr\/index.php?rest_route=\/wp\/v2\/posts"}],"about":[{"href":"https:\/\/www.lacgtmontreuil.fr\/index.php?rest_route=\/wp\/v2\/types\/post"}],"author":[{"embeddable":true,"href":"https:\/\/www.lacgtmontreuil.fr\/index.php?rest_route=\/wp\/v2\/users\/19"}],"replies":[{"embeddable":true,"href":"https:\/\/www.lacgtmontreuil.fr\/index.php?rest_route=%2Fwp%2Fv2%2Fcomments&post=9347"}],"version-history":[{"count":1,"href":"https:\/\/www.lacgtmontreuil.fr\/index.php?rest_route=\/wp\/v2\/posts\/9347\/revisions"}],"predecessor-version":[{"id":9350,"href":"https:\/\/www.lacgtmontreuil.fr\/index.php?rest_route=\/wp\/v2\/posts\/9347\/revisions\/9350"}],"wp:attachment":[{"href":"https:\/\/www.lacgtmontreuil.fr\/index.php?rest_route=%2Fwp%2Fv2%2Fmedia&parent=9347"}],"wp:term":[{"taxonomy":"category","embeddable":true,"href":"https:\/\/www.lacgtmontreuil.fr\/index.php?rest_route=%2Fwp%2Fv2%2Fcategories&post=9347"},{"taxonomy":"post_tag","embeddable":true,"href":"https:\/\/www.lacgtmontreuil.fr\/index.php?rest_route=%2Fwp%2Fv2%2Ftags&post=9347"}],"curies":[{"name":"wp","href":"https:\/\/api.w.org\/{rel}","templated":true}]}}