{"id":933,"date":"2018-02-19T16:40:14","date_gmt":"2018-02-19T15:40:14","guid":{"rendered":"http:\/\/www.lacgtmontreuil.fr\/?p=933"},"modified":"2018-02-19T16:40:14","modified_gmt":"2018-02-19T15:40:14","slug":"je-tu-ul-mi-avril-2014-n-163","status":"publish","type":"post","link":"https:\/\/www.lacgtmontreuil.fr\/?p=933","title":{"rendered":"Je, Tu, UL\u2026  Mi-Avril 2014  N\u00b0 163"},"content":{"rendered":"<p><strong> Les br\u00e8ves de l\u2019UL CGT de Montreuil, 24, rue de Paris<\/strong><\/p>\n<p><img loading=\"lazy\" decoding=\"async\" width=\"109\" height=\"155\" class=\"wp-image-934\" src=\"https:\/\/www.lacgtmontreuil.fr\/wp-content\/uploads\/2018\/02\/logo_cgt-124.jpeg\" alt=\"logo_cgt\" \/>\u00a0\u00a0 <strong>Je, Tu, UL\u2026\u00a0 Mi-Avril 2014\u00a0 N\u00b0 163<\/strong><\/p>\n<p><em>\u00ab\u00a0Face au pacte\u00a0: rendons coup pour co\u00fbt\u00a0! \u00bb<\/em><\/p>\n<p><strong>QUI VEUT DE QUINETTE\u00a0? :<\/strong> 240, rue de Rosny \u2013 Nouvelle \u00e9ch\u00e9ance devant le Tribunal de Commerce pour les salari\u00e9s de l\u2019usine Quinette-Gallay, en qu\u00eate d\u2019un repreneur. Pr\u00e9s de 4 mois de redressement ont permis au personnel de d\u00e9montrer la viabilit\u00e9 du num\u00e9ro 1 mondial des si\u00e8ges de cin\u00e9ma, \u00e0 l\u2019encontre du projet patronal de liquidation totale. A ce stade, deux propositions de reprise semblent cr\u00e9dibles d\u2019un point de vue industriel, mais la CGT, repr\u00e9sent\u00e9e par notre camarade Vincent LANGE, attend des garanties sur l\u2019emploi\u2026 qui tardent \u00e0 venir.<\/p>\n<p><strong>MISE \u00c1 PIED SUR ORDONNANCE :<\/strong> 1, avenue de La R\u00e9sistance \u2013 La pharmacie BRAUD-HAMDAN semble privil\u00e9gier le traitement de choc contre l\u2019implantation d\u2019une section CGT dans l\u2019officine. Menac\u00e9e, injuri\u00e9e, notre camarade Fatou SOUMAHORO a pour seul \u00ab\u00a0tort\u00a0\u00bb d\u2019avoir os\u00e9 r\u00e9clamer la tenue d\u2019\u00e9lections DP\u00a0: elle re\u00e7oit aussit\u00f4t un avertissement, puis une mise \u00e0 pied conservatoire. Le 18 avril, elle est convoqu\u00e9e \u00e0 un entretien en vue de son licenciement. Sauf que, candidate CGT, Fatou refuse de c\u00e9der aux pressions, soutenue et encourag\u00e9e par plusieurs de ses coll\u00e8gues qui t\u00e9moignent des m\u00e9thodes de la direction pour tenter de se d\u00e9barrasser d\u2019elle.<\/p>\n<p><strong>C\u2019EST DU PROPRE\u00a0! :<\/strong> 22, rue de Lagny \u2013 La soci\u00e9t\u00e9 TFN PROPRET\u00c9 a en charge le nettoyage des locaux de l\u2019URSSAF, dont le syndicat CGT avait \u00e9t\u00e9 alert\u00e9 par notre camarade Tiguida FOFANA sur le fait que son mi-temps th\u00e9rapeutique n\u2019avait pas \u00e9t\u00e9 correctement pris en compte par TFN. Apr\u00e8s plusieurs courriers rest\u00e9s sans r\u00e9ponse, c\u2019est au Conseil de Prud\u2019hommes qu\u2019il \u00e9t\u00e9 demand\u00e9 de trancher le litige en r\u00e9f\u00e9r\u00e9\u00a0: TFN\u00a0est condamn\u00e9 \u00e0 verser les reliquats de salaire, \u00e0 indemniser les frais de proc\u00e9dure et \u00e0 remettre les documents sociaux en ordre.<\/p>\n<p><strong>D\u00c9FIANCE MAJORITAIRE :<\/strong> 263, rue de Paris \u2013 L\u2019avenir de la NVO exige un autre management. Tel est en substance le message de la motion de d\u00e9fiance propos\u00e9e par le syndicat CGT de l\u2019entreprise de presse de la CGT, qui d\u00e9nonce p\u00eale-m\u00eale\u00a0: l\u2019opacit\u00e9 entretenue, le m\u00e9pris du CHSCT, les rumeurs et l\u2019absence de projet concret et viable, alors que des d\u00e9cisions importantes doivent \u00eatre prises courant mai.<\/p>\n<p><strong>POLE EN OR\u00a0:<\/strong> 70, rue de Lagny \u2013 Chez P\u00f4le-Emploi, on est trop public pour que l\u2019Inspection du Travail puisse y mettre son nez, mais pas assez pour interdire les retraites-chapeau. Sign\u00e9 par quelques syndicats (mais pas par la CGT), un nouvel accord pr\u00e9voit d\u2019octroyer \u00e0 136 dirigeants de P\u00f4le-Emploi une tr\u00e8s g\u00e9n\u00e9reuse retraite \u00ab\u00a0suppl\u00e9mentaire\u00a0\u00bb assise sur un fonds de pension g\u00e9r\u00e9 par Malakoff-M\u00e9d\u00e9ric. P\u00f4le aux \u0153ufs d\u2019or pour certains, l\u2019agence s\u2019av\u00e8re pourtant fort radine pour les salaires du commun, et franchement grippe-sous lorsqu\u2019il s\u2019agit d\u2019indemniser les ch\u00f4meurs\u00a0!<\/p>\n","protected":false},"excerpt":{"rendered":"<p>Les br\u00e8ves de l\u2019UL CGT de Montreuil, 24, rue de Paris \u00a0\u00a0 Je, Tu, UL\u2026\u00a0 Mi-Avril 2014\u00a0 N\u00b0 163 \u00ab\u00a0Face au pacte\u00a0: rendons coup pour co\u00fbt\u00a0! \u00bb QUI VEUT DE QUINETTE\u00a0? : 240, rue de Rosny \u2013 Nouvelle \u00e9ch\u00e9ance devant le Tribunal de Commerce pour les salari\u00e9s de l\u2019usine Quinette-Gallay, en qu\u00eate d\u2019un repreneur. Pr\u00e9s &hellip; <\/p>\n","protected":false},"author":1,"featured_media":0,"comment_status":"closed","ping_status":"open","sticky":false,"template":"","format":"standard","meta":{"footnotes":""},"categories":[2],"tags":[],"class_list":{"0":"entry","1":"post","2":"publish","3":"author-ulmontreuil","4":"post-933","6":"format-standard","7":"category-je-tu-ul"},"_links":{"self":[{"href":"https:\/\/www.lacgtmontreuil.fr\/index.php?rest_route=\/wp\/v2\/posts\/933","targetHints":{"allow":["GET"]}}],"collection":[{"href":"https:\/\/www.lacgtmontreuil.fr\/index.php?rest_route=\/wp\/v2\/posts"}],"about":[{"href":"https:\/\/www.lacgtmontreuil.fr\/index.php?rest_route=\/wp\/v2\/types\/post"}],"author":[{"embeddable":true,"href":"https:\/\/www.lacgtmontreuil.fr\/index.php?rest_route=\/wp\/v2\/users\/1"}],"replies":[{"embeddable":true,"href":"https:\/\/www.lacgtmontreuil.fr\/index.php?rest_route=%2Fwp%2Fv2%2Fcomments&post=933"}],"version-history":[{"count":1,"href":"https:\/\/www.lacgtmontreuil.fr\/index.php?rest_route=\/wp\/v2\/posts\/933\/revisions"}],"predecessor-version":[{"id":935,"href":"https:\/\/www.lacgtmontreuil.fr\/index.php?rest_route=\/wp\/v2\/posts\/933\/revisions\/935"}],"wp:attachment":[{"href":"https:\/\/www.lacgtmontreuil.fr\/index.php?rest_route=%2Fwp%2Fv2%2Fmedia&parent=933"}],"wp:term":[{"taxonomy":"category","embeddable":true,"href":"https:\/\/www.lacgtmontreuil.fr\/index.php?rest_route=%2Fwp%2Fv2%2Fcategories&post=933"},{"taxonomy":"post_tag","embeddable":true,"href":"https:\/\/www.lacgtmontreuil.fr\/index.php?rest_route=%2Fwp%2Fv2%2Ftags&post=933"}],"curies":[{"name":"wp","href":"https:\/\/api.w.org\/{rel}","templated":true}]}}