{"id":930,"date":"2018-02-19T16:38:17","date_gmt":"2018-02-19T15:38:17","guid":{"rendered":"http:\/\/www.lacgtmontreuil.fr\/?p=930"},"modified":"2018-02-19T16:38:17","modified_gmt":"2018-02-19T15:38:17","slug":"je-tu-ul-fin-mars-2014-n-162","status":"publish","type":"post","link":"https:\/\/www.lacgtmontreuil.fr\/?p=930","title":{"rendered":"Je, Tu, UL\u2026  Fin Mars 2014  N\u00b0 162"},"content":{"rendered":"<p><strong> Les br\u00e8ves de l\u2019UL CGT de Montreuil, 24, rue de Paris<\/strong><\/p>\n<p><img loading=\"lazy\" decoding=\"async\" width=\"109\" height=\"155\" class=\"wp-image-931\" src=\"https:\/\/www.lacgtmontreuil.fr\/wp-content\/uploads\/2018\/02\/logo_cgt-123.jpeg\" alt=\"logo_cgt\" \/>\u00a0\u00a0 <strong>Je, Tu, UL\u2026\u00a0 Fin Mars 2014\u00a0 N\u00b0 162<\/strong><\/p>\n<p><em>\u00ab\u00a0Le trou de l\u2019UNEDIC, c\u2019est le profit du patronat\u00bb<\/em><\/p>\n<p><strong>ALLO LES \u00c9LU-E-S :<\/strong> Place Jean Jaur\u00e8s \u2013 Au 9<sup>\u00e8me<\/sup> jour de gr\u00e8ve des CMS (Centres Municipaux de Sant\u00e9) et en d\u00e9pit d\u2019une lettre ouverte de la section CGT \u00e0 Dominique Voynet, aucune r\u00e9ponse aux revendications. Vendredi 21, secr\u00e9taires, infirmiers, kin\u00e9s et m\u00e9decins se sont mobilis\u00e9s \u00e0 15h00 devant la Mairie avec une question\u00a0: le service public peut-il s\u2019interrompre pour cause d\u2019\u00e9lections municipales et les salari\u00e9s rester plusieurs semaines sans interlocuteur capable de faire face \u00e0 l\u2019urgence\u00a0?<\/p>\n<p><strong>AIR FRANCE TIRE LE DIARD PAR LA QUEUE :<\/strong> 30, avenue L\u00e9on Gaumont \u2013 Gr\u00e8ve bien suivie au Commercial AIR-FRANCE contre le projet d\u2019annualisation du temps de travail, jeudi dernier. Mais ce mouvement \u2013 qui en promet d\u2019autres \u2013 s\u2019est trouv\u00e9 entrav\u00e9 par le recours abusif \u00e0 la Loi Diard, con\u00e7ue pour restreindre le droit de gr\u00e8ve dans les transports, brandie par la Direction d\u2019AIR-FRANCE. Comme si les avions d\u00e9collaient de Montreuil\u00a0! D\u00e9j\u00e0 condamn\u00e9e \u00e0 plusieurs reprises pour avoir fait une interpr\u00e9tation extensive particuli\u00e8rement abusive de cette loi, l\u2019entreprise devra cette fois s\u2019expliquer devant l\u2019Inspection du Travail, sollicit\u00e9e par la CGT.<\/p>\n<p><strong>SFM S\u2019AFFIRME\u00a0:<\/strong> 1, avenue Salvador Allende \u2013 La cr\u00e8che SFM (Solidarit\u00e9 Fran\u00e7ais-Migrants) a \u00e9lu pour la premi\u00e8re fois ses d\u00e9l\u00e9gu\u00e9-e-s du personnel par 16 voix sur 18 inscrits. Un beau r\u00e9sultat \u00e0 mettre \u00e0 l\u2019actif de Pascale de BOYER et Nicolas SANVERT, pr\u00e9sent\u00e9s par la CGT. Les b\u00e9b\u00e9s seront bien d\u00e9fendus\u00a0!<\/p>\n<p><strong>LA DOUANE DESSAISIE :<\/strong> 11, rue des Deux Communes \u2013 Grosse gr\u00e8ve unitaire \u00e0 la Direction de la Douane jeudi 20, contre la remise en cause du Projet Strat\u00e9gique cens\u00e9 red\u00e9finir les moyens de contr\u00f4le. Alors que chaque douanier rapporte \u00e0 l\u2019Etat 3 millions de recette par an en moyenne\u2026 le contr\u00f4le de la TVA aux fronti\u00e8res serait retir\u00e9 \u00e0 la Douane, dans une administration qui supprime d\u00e9j\u00e0 400 postes d\u2019agents par an. Rassembl\u00e9s \u00e0 6000 devant Bercy, les douaniers interpellent sur l\u2019absence de le\u00e7ons tir\u00e9es de l\u2019affaire Cahuzac\u2026 et des suivantes.<\/p>\n","protected":false},"excerpt":{"rendered":"<p>Les br\u00e8ves de l\u2019UL CGT de Montreuil, 24, rue de Paris \u00a0\u00a0 Je, Tu, UL\u2026\u00a0 Fin Mars 2014\u00a0 N\u00b0 162 \u00ab\u00a0Le trou de l\u2019UNEDIC, c\u2019est le profit du patronat\u00bb ALLO LES \u00c9LU-E-S : Place Jean Jaur\u00e8s \u2013 Au 9\u00e8me jour de gr\u00e8ve des CMS (Centres Municipaux de Sant\u00e9) et en d\u00e9pit d\u2019une lettre ouverte de &hellip; <\/p>\n","protected":false},"author":1,"featured_media":0,"comment_status":"closed","ping_status":"open","sticky":false,"template":"","format":"standard","meta":{"footnotes":""},"categories":[2],"tags":[],"class_list":{"0":"entry","1":"post","2":"publish","3":"author-ulmontreuil","4":"post-930","6":"format-standard","7":"category-je-tu-ul"},"_links":{"self":[{"href":"https:\/\/www.lacgtmontreuil.fr\/index.php?rest_route=\/wp\/v2\/posts\/930","targetHints":{"allow":["GET"]}}],"collection":[{"href":"https:\/\/www.lacgtmontreuil.fr\/index.php?rest_route=\/wp\/v2\/posts"}],"about":[{"href":"https:\/\/www.lacgtmontreuil.fr\/index.php?rest_route=\/wp\/v2\/types\/post"}],"author":[{"embeddable":true,"href":"https:\/\/www.lacgtmontreuil.fr\/index.php?rest_route=\/wp\/v2\/users\/1"}],"replies":[{"embeddable":true,"href":"https:\/\/www.lacgtmontreuil.fr\/index.php?rest_route=%2Fwp%2Fv2%2Fcomments&post=930"}],"version-history":[{"count":1,"href":"https:\/\/www.lacgtmontreuil.fr\/index.php?rest_route=\/wp\/v2\/posts\/930\/revisions"}],"predecessor-version":[{"id":932,"href":"https:\/\/www.lacgtmontreuil.fr\/index.php?rest_route=\/wp\/v2\/posts\/930\/revisions\/932"}],"wp:attachment":[{"href":"https:\/\/www.lacgtmontreuil.fr\/index.php?rest_route=%2Fwp%2Fv2%2Fmedia&parent=930"}],"wp:term":[{"taxonomy":"category","embeddable":true,"href":"https:\/\/www.lacgtmontreuil.fr\/index.php?rest_route=%2Fwp%2Fv2%2Fcategories&post=930"},{"taxonomy":"post_tag","embeddable":true,"href":"https:\/\/www.lacgtmontreuil.fr\/index.php?rest_route=%2Fwp%2Fv2%2Ftags&post=930"}],"curies":[{"name":"wp","href":"https:\/\/api.w.org\/{rel}","templated":true}]}}