{"id":9296,"date":"2024-11-10T16:31:14","date_gmt":"2024-11-10T15:31:14","guid":{"rendered":"https:\/\/www.lacgtmontreuil.fr\/?p=9296"},"modified":"2024-11-10T16:31:15","modified_gmt":"2024-11-10T15:31:15","slug":"je-tu-ul-n480-piratage-legal","status":"publish","type":"post","link":"https:\/\/www.lacgtmontreuil.fr\/?p=9296","title":{"rendered":"Je, Tu, UL n\u00b0480 &#8211; PIRATAGE L\u00c9GAL"},"content":{"rendered":"14, rue de la Beaune \u2013 La MIEJ (Mission Locale pour l\u2019Emploi des Jeunes) verra au 1er janvier prochain tous ses dossiers de suivi transf\u00e9r\u00e9s d\u2019office au Syst\u00e8me d\u2019Information France Travail. Une migration sans respect de la Loi Informatique et Libert\u00e9s, dont la CGT d\u00e9nonce la marche forc\u00e9e impos\u00e9e par l\u2019Etat.","protected":false},"excerpt":{"rendered":"<p>14, rue de la Beaune \u2013 La MIEJ (Mission Locale pour l\u2019Emploi des Jeunes) verra au 1er janvier prochain tous ses dossiers de suivi transf\u00e9r\u00e9s d\u2019office au Syst\u00e8me d\u2019Information France Travail. Une migration sans respect de la Loi Informatique et Libert\u00e9s, dont la CGT d\u00e9nonce la marche forc\u00e9e impos\u00e9e par l\u2019Etat.<\/p>\n","protected":false},"author":19,"featured_media":0,"comment_status":"closed","ping_status":"open","sticky":false,"template":"","format":"standard","meta":{"footnotes":""},"categories":[2],"tags":[],"class_list":{"0":"entry","1":"post","2":"publish","3":"author-sebastien","4":"post-9296","6":"format-standard","7":"category-je-tu-ul"},"_links":{"self":[{"href":"https:\/\/www.lacgtmontreuil.fr\/index.php?rest_route=\/wp\/v2\/posts\/9296","targetHints":{"allow":["GET"]}}],"collection":[{"href":"https:\/\/www.lacgtmontreuil.fr\/index.php?rest_route=\/wp\/v2\/posts"}],"about":[{"href":"https:\/\/www.lacgtmontreuil.fr\/index.php?rest_route=\/wp\/v2\/types\/post"}],"author":[{"embeddable":true,"href":"https:\/\/www.lacgtmontreuil.fr\/index.php?rest_route=\/wp\/v2\/users\/19"}],"replies":[{"embeddable":true,"href":"https:\/\/www.lacgtmontreuil.fr\/index.php?rest_route=%2Fwp%2Fv2%2Fcomments&post=9296"}],"version-history":[{"count":1,"href":"https:\/\/www.lacgtmontreuil.fr\/index.php?rest_route=\/wp\/v2\/posts\/9296\/revisions"}],"predecessor-version":[{"id":9299,"href":"https:\/\/www.lacgtmontreuil.fr\/index.php?rest_route=\/wp\/v2\/posts\/9296\/revisions\/9299"}],"wp:attachment":[{"href":"https:\/\/www.lacgtmontreuil.fr\/index.php?rest_route=%2Fwp%2Fv2%2Fmedia&parent=9296"}],"wp:term":[{"taxonomy":"category","embeddable":true,"href":"https:\/\/www.lacgtmontreuil.fr\/index.php?rest_route=%2Fwp%2Fv2%2Fcategories&post=9296"},{"taxonomy":"post_tag","embeddable":true,"href":"https:\/\/www.lacgtmontreuil.fr\/index.php?rest_route=%2Fwp%2Fv2%2Ftags&post=9296"}],"curies":[{"name":"wp","href":"https:\/\/api.w.org\/{rel}","templated":true}]}}