{"id":9284,"date":"2024-11-10T16:31:50","date_gmt":"2024-11-10T15:31:50","guid":{"rendered":"https:\/\/www.lacgtmontreuil.fr\/?p=9284"},"modified":"2024-11-10T16:31:50","modified_gmt":"2024-11-10T15:31:50","slug":"je-tu-ul-n480-univers-a-la-rue","status":"publish","type":"post","link":"https:\/\/www.lacgtmontreuil.fr\/?p=9284","title":{"rendered":"Je, Tu, UL n\u00b0480 &#8211; UNIVERS \u00c1 LA RUE"},"content":{"rendered":"66, rue Edouard Vaillant \u2013 Les salari\u00e9-e-s d\u2019UNIVERS COMPA se sont vus interdire l\u2019acc\u00e8s aux bureaux par le bailleur de leur employeur. Lequel, non content de ne plus payer les loyers de sous-location, a disparu\u2026 sans non plus payer les salaires. A d\u00e9faut, le personnel qui proteste de sa disponibilit\u00e9 r\u00e9clame un administrateur pour r\u00e9gler les affaires courantes et engager les proc\u00e9dures n\u00e9cessaires \u00e0 la garantie de leurs droits sociaux.","protected":false},"excerpt":{"rendered":"<p>66, rue Edouard Vaillant \u2013 Les salari\u00e9-e-s d\u2019UNIVERS COMPA se sont vus interdire l\u2019acc\u00e8s aux bureaux par le bailleur de leur employeur. Lequel, non content de ne plus payer les loyers de sous-location, a disparu\u2026 sans non plus payer les salaires. A d\u00e9faut, le personnel qui proteste de sa disponibilit\u00e9 r\u00e9clame un administrateur pour r\u00e9gler &hellip; <\/p>\n","protected":false},"author":19,"featured_media":0,"comment_status":"closed","ping_status":"open","sticky":false,"template":"","format":"standard","meta":{"footnotes":""},"categories":[2],"tags":[],"class_list":{"0":"entry","1":"post","2":"publish","3":"author-sebastien","4":"post-9284","6":"format-standard","7":"category-je-tu-ul"},"_links":{"self":[{"href":"https:\/\/www.lacgtmontreuil.fr\/index.php?rest_route=\/wp\/v2\/posts\/9284","targetHints":{"allow":["GET"]}}],"collection":[{"href":"https:\/\/www.lacgtmontreuil.fr\/index.php?rest_route=\/wp\/v2\/posts"}],"about":[{"href":"https:\/\/www.lacgtmontreuil.fr\/index.php?rest_route=\/wp\/v2\/types\/post"}],"author":[{"embeddable":true,"href":"https:\/\/www.lacgtmontreuil.fr\/index.php?rest_route=\/wp\/v2\/users\/19"}],"replies":[{"embeddable":true,"href":"https:\/\/www.lacgtmontreuil.fr\/index.php?rest_route=%2Fwp%2Fv2%2Fcomments&post=9284"}],"version-history":[{"count":1,"href":"https:\/\/www.lacgtmontreuil.fr\/index.php?rest_route=\/wp\/v2\/posts\/9284\/revisions"}],"predecessor-version":[{"id":9287,"href":"https:\/\/www.lacgtmontreuil.fr\/index.php?rest_route=\/wp\/v2\/posts\/9284\/revisions\/9287"}],"wp:attachment":[{"href":"https:\/\/www.lacgtmontreuil.fr\/index.php?rest_route=%2Fwp%2Fv2%2Fmedia&parent=9284"}],"wp:term":[{"taxonomy":"category","embeddable":true,"href":"https:\/\/www.lacgtmontreuil.fr\/index.php?rest_route=%2Fwp%2Fv2%2Fcategories&post=9284"},{"taxonomy":"post_tag","embeddable":true,"href":"https:\/\/www.lacgtmontreuil.fr\/index.php?rest_route=%2Fwp%2Fv2%2Ftags&post=9284"}],"curies":[{"name":"wp","href":"https:\/\/api.w.org\/{rel}","templated":true}]}}