{"id":9278,"date":"2024-11-10T16:32:14","date_gmt":"2024-11-10T15:32:14","guid":{"rendered":"https:\/\/www.lacgtmontreuil.fr\/?p=9278"},"modified":"2024-11-10T16:32:15","modified_gmt":"2024-11-10T15:32:15","slug":"je-tu-ul-n480-obeo-doit-obeir","status":"publish","type":"post","link":"https:\/\/www.lacgtmontreuil.fr\/?p=9278","title":{"rendered":"Je, Tu, UL n\u00b0480 &#8211; OBEO DOIT OB\u00c9IR"},"content":{"rendered":"42, boulevard Chanzy \u2013 La RESIDENCE OBEO avait licenci\u00e9 son r\u00e9gisseur, notre camarade Zoubir Z. alors qu\u2019il \u00e9tait en accident du travail depuis 10 mois. D\u00e9fendu par la CGT devant le Conseil de prud\u2019hommes de Bobigny, la soci\u00e9t\u00e9 aura pr\u00e9f\u00e9r\u00e9 transiger face \u00e0 la certitude d\u2019une condamnation : 19000\u20ac lui sont ainsi allou\u00e9s, soit la somme r\u00e9clam\u00e9e pour un licenciement nul, \u00e0 titre d\u2019indemnit\u00e9 forfaitaire et d\u00e9finitive de conciliation.","protected":false},"excerpt":{"rendered":"<p>42, boulevard Chanzy \u2013 La RESIDENCE OBEO avait licenci\u00e9 son r\u00e9gisseur, notre camarade Zoubir Z. alors qu\u2019il \u00e9tait en accident du travail depuis 10 mois. D\u00e9fendu par la CGT devant le Conseil de prud\u2019hommes de Bobigny, la soci\u00e9t\u00e9 aura pr\u00e9f\u00e9r\u00e9 transiger face \u00e0 la certitude d\u2019une condamnation : 19000\u20ac lui sont ainsi allou\u00e9s, soit la &hellip; <\/p>\n","protected":false},"author":19,"featured_media":0,"comment_status":"closed","ping_status":"open","sticky":false,"template":"","format":"standard","meta":{"footnotes":""},"categories":[2],"tags":[],"class_list":{"0":"entry","1":"post","2":"publish","3":"author-sebastien","4":"post-9278","6":"format-standard","7":"category-je-tu-ul"},"_links":{"self":[{"href":"https:\/\/www.lacgtmontreuil.fr\/index.php?rest_route=\/wp\/v2\/posts\/9278","targetHints":{"allow":["GET"]}}],"collection":[{"href":"https:\/\/www.lacgtmontreuil.fr\/index.php?rest_route=\/wp\/v2\/posts"}],"about":[{"href":"https:\/\/www.lacgtmontreuil.fr\/index.php?rest_route=\/wp\/v2\/types\/post"}],"author":[{"embeddable":true,"href":"https:\/\/www.lacgtmontreuil.fr\/index.php?rest_route=\/wp\/v2\/users\/19"}],"replies":[{"embeddable":true,"href":"https:\/\/www.lacgtmontreuil.fr\/index.php?rest_route=%2Fwp%2Fv2%2Fcomments&post=9278"}],"version-history":[{"count":1,"href":"https:\/\/www.lacgtmontreuil.fr\/index.php?rest_route=\/wp\/v2\/posts\/9278\/revisions"}],"predecessor-version":[{"id":9281,"href":"https:\/\/www.lacgtmontreuil.fr\/index.php?rest_route=\/wp\/v2\/posts\/9278\/revisions\/9281"}],"wp:attachment":[{"href":"https:\/\/www.lacgtmontreuil.fr\/index.php?rest_route=%2Fwp%2Fv2%2Fmedia&parent=9278"}],"wp:term":[{"taxonomy":"category","embeddable":true,"href":"https:\/\/www.lacgtmontreuil.fr\/index.php?rest_route=%2Fwp%2Fv2%2Fcategories&post=9278"},{"taxonomy":"post_tag","embeddable":true,"href":"https:\/\/www.lacgtmontreuil.fr\/index.php?rest_route=%2Fwp%2Fv2%2Ftags&post=9278"}],"curies":[{"name":"wp","href":"https:\/\/api.w.org\/{rel}","templated":true}]}}