{"id":927,"date":"2018-02-19T16:36:29","date_gmt":"2018-02-19T15:36:29","guid":{"rendered":"http:\/\/www.lacgtmontreuil.fr\/?p=927"},"modified":"2018-02-19T16:36:29","modified_gmt":"2018-02-19T15:36:29","slug":"je-tu-ul-mi-mars-2014-n-161","status":"publish","type":"post","link":"https:\/\/www.lacgtmontreuil.fr\/?p=927","title":{"rendered":"Je, Tu, UL\u2026  Mi-Mars 2014  N\u00b0 161"},"content":{"rendered":"<p><strong> Les br\u00e8ves de l\u2019UL CGT de Montreuil, 24, rue de Paris<\/strong><\/p>\n<p><img loading=\"lazy\" decoding=\"async\" width=\"109\" height=\"155\" class=\"wp-image-928\" src=\"https:\/\/www.lacgtmontreuil.fr\/wp-content\/uploads\/2018\/02\/logo_cgt-122.jpeg\" alt=\"logo_cgt\" \/>\u00a0\u00a0 <strong>Je, Tu, UL\u2026\u00a0 Mi-Mars 2014\u00a0 N\u00b0 161<\/strong><\/p>\n<p><em>\u00ab\u00a0Cotisations famille offertes au MEDEF\u00a0: c\u2019est \u00e7a la th\u00e9orie du genre\u00a0? \u00bb<\/em><\/p>\n<p><strong>\u00c9PID\u00c9MIE DE GR\u00c8VES :<\/strong> Place Jean Jaur\u00e8s \u2013 Pour les Centres Municipaux de Sant\u00e9 (CMS), c\u2019est encore une fin de non-recevoir qui a ponctu\u00e9 la r\u00e9union du 14 mars en Mairie. Le personnel en gr\u00e8ve pour la reconnaissance de son travail re\u00e7oit par contre un large soutien des m\u00e9decins, confront\u00e9s eux aussi \u00e0 une polyvalence r\u00e9sultant du d\u00e9ficit de recrutement, l\u00e0 o\u00f9 l\u2019administration ne r\u00e9pond que par le m\u00e9pris. La gr\u00e8ve a donc \u00e9t\u00e9 reconduite \u00e0 l\u2019unanimit\u00e9 pour ce week-end et une lettre ouverte de la section syndicale CGT des CMS, adress\u00e9e \u00e0 Dominique Voynet.<\/p>\n<p><strong>QUINETTE DANS L\u2019ATTENTE :<\/strong> 240, rue de Rosny \u2013 La situation de QUINETTE-GALLAY devra \u00eatre r\u00e9examin\u00e9e ce lundi 17 mars par le juge-commissaire du Tribunal de Commerce. L\u2019unique projet de reprise connu \u00e0 ce jour est celui (peu cr\u00e9dible) d\u2019un ancien sous-traitant, int\u00e9ress\u00e9 par la vente \u00e0 la d\u00e9coupe de l\u2019outil industriel\u2026 plut\u00f4t que par la sauvegarde des emplois et du savoir-faire. Pour les salari\u00e9s et la CGT, la recherche d\u2019un investisseur passe par la mise \u00e0 l\u2019\u00e9cart d\u00e9finitive du naufrageur HOLLARD, l\u2019ancien PDG failli, et par une vigilance des pouvoirs publics sur le devenir industriel du site montreuillois.<\/p>\n<p><strong>STORES BAISS\u00c9S CHEZ PARASTORE\u00a0:<\/strong> 235, rue Etienne Marcel \u2013 Chez ANJO \u00e0 l\u2019enseigne \u00ab\u00a0PARASTORE\u00a0\u00bb, le personnel de cette parapharmacie install\u00e9e en face des caisses du Carrefour cherche d\u00e9sesp\u00e9r\u00e9ment l\u2019employeur. L\u2019Inspection du Travail aussi, de m\u00eame que la direction du Centre Commercial qui a fait constater par huissier la fermeture de la boutique depuis un mois\u00a0! Epaul\u00e9s par la CGT, les salari\u00e9s viennent de saisir le Conseil de Prud\u2019hommes et de d\u00e9signer notre camarade Murielle DIOT comme repr\u00e9sentante pour le Tribunal de Commerce.<\/p>\n<p><strong>LTA PERD L\u2019APP\u00c9TIT :<\/strong> 155, rue de Rosny \u2013 LTA MEDICAL veut imposer aux ouvrier-e-s qui prennent leur service \u00e0 8h00, la pause-d\u00e9jeuner \u00e0 11h00 le midi. Une modification unanimement refus\u00e9e dans les ateliers o\u00f9 la p\u00e9tition CGT s\u2019est couverte de signatures, mettant en cause l\u2019impact\u2026 m\u00e9dical que ne manquera pas d\u2019avoir sur le personnel l\u2019obligation de manger avant l\u2019heure, dans un environnement professionnel d\u00e9j\u00e0 malsain et peu hygi\u00e9nique.<\/p>\n<p><strong>TRAVAIL SANS INT\u00c9R\u00caT :<\/strong> 57, rue Armand Carrel \u2013 RENAULT RETAIL GROUP, r\u00e9seau commercial du constructeur automobile a d\u00e9cide d\u2019exclure sa filiale en 2014 du b\u00e9n\u00e9fice de l\u2019int\u00e9ressement. Les 4 syndicats CGT, CFDT, FO et CFE\/CGC ont donc appel\u00e9 vendredi les garages \u2013 dont celui de Montreuil \u2013 \u00e0 la gr\u00e8ve ce samedi 15 mars pour l\u2019op\u00e9ration \u00ab\u00a0portes ouvertes\u00a0\u00bb\u00a0: \u00e0 quoi bon ouvrir, s\u2019il n\u2019y a pas d\u2019int\u00e9ressement\u00a0?<\/p>\n","protected":false},"excerpt":{"rendered":"<p>Les br\u00e8ves de l\u2019UL CGT de Montreuil, 24, rue de Paris \u00a0\u00a0 Je, Tu, UL\u2026\u00a0 Mi-Mars 2014\u00a0 N\u00b0 161 \u00ab\u00a0Cotisations famille offertes au MEDEF\u00a0: c\u2019est \u00e7a la th\u00e9orie du genre\u00a0? \u00bb \u00c9PID\u00c9MIE DE GR\u00c8VES : Place Jean Jaur\u00e8s \u2013 Pour les Centres Municipaux de Sant\u00e9 (CMS), c\u2019est encore une fin de non-recevoir qui a ponctu\u00e9 &hellip; <\/p>\n","protected":false},"author":1,"featured_media":0,"comment_status":"closed","ping_status":"open","sticky":false,"template":"","format":"standard","meta":{"footnotes":""},"categories":[2],"tags":[],"class_list":{"0":"entry","1":"post","2":"publish","3":"author-ulmontreuil","4":"post-927","6":"format-standard","7":"category-je-tu-ul"},"_links":{"self":[{"href":"https:\/\/www.lacgtmontreuil.fr\/index.php?rest_route=\/wp\/v2\/posts\/927","targetHints":{"allow":["GET"]}}],"collection":[{"href":"https:\/\/www.lacgtmontreuil.fr\/index.php?rest_route=\/wp\/v2\/posts"}],"about":[{"href":"https:\/\/www.lacgtmontreuil.fr\/index.php?rest_route=\/wp\/v2\/types\/post"}],"author":[{"embeddable":true,"href":"https:\/\/www.lacgtmontreuil.fr\/index.php?rest_route=\/wp\/v2\/users\/1"}],"replies":[{"embeddable":true,"href":"https:\/\/www.lacgtmontreuil.fr\/index.php?rest_route=%2Fwp%2Fv2%2Fcomments&post=927"}],"version-history":[{"count":1,"href":"https:\/\/www.lacgtmontreuil.fr\/index.php?rest_route=\/wp\/v2\/posts\/927\/revisions"}],"predecessor-version":[{"id":929,"href":"https:\/\/www.lacgtmontreuil.fr\/index.php?rest_route=\/wp\/v2\/posts\/927\/revisions\/929"}],"wp:attachment":[{"href":"https:\/\/www.lacgtmontreuil.fr\/index.php?rest_route=%2Fwp%2Fv2%2Fmedia&parent=927"}],"wp:term":[{"taxonomy":"category","embeddable":true,"href":"https:\/\/www.lacgtmontreuil.fr\/index.php?rest_route=%2Fwp%2Fv2%2Fcategories&post=927"},{"taxonomy":"post_tag","embeddable":true,"href":"https:\/\/www.lacgtmontreuil.fr\/index.php?rest_route=%2Fwp%2Fv2%2Ftags&post=927"}],"curies":[{"name":"wp","href":"https:\/\/api.w.org\/{rel}","templated":true}]}}