{"id":924,"date":"2018-02-19T16:30:51","date_gmt":"2018-02-19T15:30:51","guid":{"rendered":"http:\/\/www.lacgtmontreuil.fr\/?p=924"},"modified":"2018-02-19T16:30:51","modified_gmt":"2018-02-19T15:30:51","slug":"je-tu-ul-mi-mars-2014-n-160","status":"publish","type":"post","link":"https:\/\/www.lacgtmontreuil.fr\/?p=924","title":{"rendered":"Je, Tu, UL\u2026  Mi-Mars 2014  N\u00b0 160"},"content":{"rendered":"<p><strong> Les br\u00e8ves de l\u2019UL CGT de Montreuil, 24, rue de Paris<\/strong><\/p>\n<p><img loading=\"lazy\" decoding=\"async\" width=\"109\" height=\"155\" class=\"wp-image-925\" src=\"https:\/\/www.lacgtmontreuil.fr\/wp-content\/uploads\/2018\/02\/logo_cgt-121.jpeg\" alt=\"logo_cgt\" \/>\u00a0\u00a0 <strong>Je, Tu, UL\u2026\u00a0 Mi-Mars 2014\u00a0 N\u00b0 160<\/strong><\/p>\n<p><em>\u00ab\u00a0MEDEF partout, justice nulle part\u00a0! \u00bb<\/em><\/p>\n<p><strong>QUINETTE PAS NET:<\/strong> 240, rue de Rosny \u2013 Alors que QUINETTE GALLAY, n\u00b01 mondial des fauteuils de cin\u00e9ma, est plac\u00e9 depuis 2 mois en redressement judiciaire, les salari\u00e9s attendent toujours un minimum de transparence de la part de l\u2019administrateur, Me Brignier. On en est tr\u00e8s loin, puisqu\u2019ils viennent de d\u00e9couvrir que le dataroom (soit la salle des donn\u00e9es confidentielles sur l\u2019entreprise) avait \u00e9t\u00e9 caviard\u00e9\u2026 de mani\u00e8re \u00e0 \u00e9carter tout repreneur. Un sabotage sur lequel ils entendent interroger tant l\u2019ancien PDG que Me Brignier, \u00e0 la veille d\u2019un retour devant le Tribunal de Commerce, pr\u00e9vu le 17 mars.<\/p>\n<p><strong>DES CR\u00c8CHES AUX CENTRES DE SANT\u00c9:<\/strong> Place Jean Jaur\u00e8s \u2013 En Mairie, le sous-effectif dans les services tourne \u00e0 l\u2019overdose pour les agents. Apr\u00e8s la gr\u00e8ve des cr\u00e8ches, sold\u00e9e par une journ\u00e9e \u00ab\u00a0cr\u00e8che ferm\u00e9e\u00a0\u00bb pour la r\u00e9organisation, l\u2019arriv\u00e9e d\u2019une rempla\u00e7ante et des am\u00e9nagements d\u2019horaire, c\u2019est au tour des Centres Municipaux de Sant\u00e9 (CMS) de d\u00e9poser un pr\u00e9avis de gr\u00e8ve reconductible \u00e0 compter du 12 mars. Avec la CGT, le personnel des CMS pointe l\u2019absence de reconnaissance de la mont\u00e9e en charge de leurs t\u00e2ches et les dysfonctionnements du logiciel m\u00e9tier. Pour l\u2019instant, la seule r\u00e9ponse de la Municipalit\u00e9 aura \u00e9t\u00e9\u2026 d\u2019alerter la police sur les troubles \u00e0 l\u2019ordre public que constitueraient les revendications des agents.<\/p>\n<p><strong>UN RENDEZ-VOUS INDU\u00a0:<\/strong> 7, rue Kl\u00e9ber \u2013 L\u2019agence POLE-EMPLOI recevait le 5 mars dernier une d\u00e9l\u00e9gation de pr\u00e9caires et ch\u00f4meurs CGT\u2026 dont la demande de rendez-vous s\u2019\u00e9tait \u00e9gar\u00e9e, comme une vulgaire convocation de demandeur d\u2019emploi. Apr\u00e8s quelques \u00ab\u00a0mots\u00a0\u00bb, la CGT a pu enfin aborder les sujets qui f\u00e2chent avec la directrice d\u2019agence : les indus r\u00e9clam\u00e9s et jamais justifi\u00e9s par un calcul, les rejets abusifs de dossiers incomplets par la faute des employeurs, les intimidations et radiations. Un menu charg\u00e9 et un contentieux qui s\u2019\u00e9paissit. On va se revoir\u00a0!<\/p>\n<p><strong>JUSTICIABLES, VOS PAPIERS\u00a0!:<\/strong> 7, rue Catherine Puig \u2013 Le Tribunal Administratif de Montreuil est souvent celui devant lequel les \u00e9trangers viennent se pr\u00e9senter pour contester les d\u00e9cisions pr\u00e9fectorales d\u2019expulsion. Depuis quelques semaines, les contr\u00f4les de police \u00ab\u00a0au faci\u00e8s\u00a0\u00bb se multiplient aux abords du Tribunal, \u00e0 l\u2019heure des convocations. Difficile d\u2019acc\u00e9der au juge, quand on est plac\u00e9 en r\u00e9tention\u00a0! CGT, Syndicat des Avocats de France et Syndicat de la Magistrature d\u00e9noncent cette entrave et r\u00e9clament qu\u2019il soit imm\u00e9diatement mis fin \u00e0 ces pratiques, assimilables \u00e0 un d\u00e9ni de justice\u00a0!<\/p>\n<p><strong>COMPTES \u00c1 DORMIR DEBOUT:<\/strong> 13, place du G\u00e9n\u00e9ral de Gaulle \u2013 A l\u2019AFPA, les organisations syndicales sont unanimes \u00e0 boycotter les r\u00e9unions avec la direction depuis le 20 f\u00e9vrier. Si c\u2019est une \u00ab\u00a0note sur le dialogue social\u00a0\u00bb particuli\u00e8rement provocatrice qui a mis le feu aux poudres, la toile de fond reste le rapport bourr\u00e9 d\u2019erreurs \u00e9tabli par la Cour des Comptes sur les r\u00e9mun\u00e9rations de l\u2019AFPA, \u00e0 partir des indications mensong\u00e8res fournies par\u2026la direction. Les syndicats exigent donc un d\u00e9menti des commanditaires avant toute reprise du \u00ab\u00a0dialogue\u00a0\u00bb.<\/p>\n","protected":false},"excerpt":{"rendered":"<p>Les br\u00e8ves de l\u2019UL CGT de Montreuil, 24, rue de Paris \u00a0\u00a0 Je, Tu, UL\u2026\u00a0 Mi-Mars 2014\u00a0 N\u00b0 160 \u00ab\u00a0MEDEF partout, justice nulle part\u00a0! \u00bb QUINETTE PAS NET: 240, rue de Rosny \u2013 Alors que QUINETTE GALLAY, n\u00b01 mondial des fauteuils de cin\u00e9ma, est plac\u00e9 depuis 2 mois en redressement judiciaire, les salari\u00e9s attendent toujours &hellip; <\/p>\n","protected":false},"author":1,"featured_media":0,"comment_status":"closed","ping_status":"open","sticky":false,"template":"","format":"standard","meta":{"footnotes":""},"categories":[2],"tags":[],"class_list":{"0":"entry","1":"post","2":"publish","3":"author-ulmontreuil","4":"post-924","6":"format-standard","7":"category-je-tu-ul"},"_links":{"self":[{"href":"https:\/\/www.lacgtmontreuil.fr\/index.php?rest_route=\/wp\/v2\/posts\/924","targetHints":{"allow":["GET"]}}],"collection":[{"href":"https:\/\/www.lacgtmontreuil.fr\/index.php?rest_route=\/wp\/v2\/posts"}],"about":[{"href":"https:\/\/www.lacgtmontreuil.fr\/index.php?rest_route=\/wp\/v2\/types\/post"}],"author":[{"embeddable":true,"href":"https:\/\/www.lacgtmontreuil.fr\/index.php?rest_route=\/wp\/v2\/users\/1"}],"replies":[{"embeddable":true,"href":"https:\/\/www.lacgtmontreuil.fr\/index.php?rest_route=%2Fwp%2Fv2%2Fcomments&post=924"}],"version-history":[{"count":1,"href":"https:\/\/www.lacgtmontreuil.fr\/index.php?rest_route=\/wp\/v2\/posts\/924\/revisions"}],"predecessor-version":[{"id":926,"href":"https:\/\/www.lacgtmontreuil.fr\/index.php?rest_route=\/wp\/v2\/posts\/924\/revisions\/926"}],"wp:attachment":[{"href":"https:\/\/www.lacgtmontreuil.fr\/index.php?rest_route=%2Fwp%2Fv2%2Fmedia&parent=924"}],"wp:term":[{"taxonomy":"category","embeddable":true,"href":"https:\/\/www.lacgtmontreuil.fr\/index.php?rest_route=%2Fwp%2Fv2%2Fcategories&post=924"},{"taxonomy":"post_tag","embeddable":true,"href":"https:\/\/www.lacgtmontreuil.fr\/index.php?rest_route=%2Fwp%2Fv2%2Ftags&post=924"}],"curies":[{"name":"wp","href":"https:\/\/api.w.org\/{rel}","templated":true}]}}