{"id":9233,"date":"2024-10-26T21:47:51","date_gmt":"2024-10-26T19:47:51","guid":{"rendered":"https:\/\/www.lacgtmontreuil.fr\/?p=9233"},"modified":"2024-10-26T21:47:52","modified_gmt":"2024-10-26T19:47:52","slug":"je-tu-ul-n479-remise-en-etat","status":"publish","type":"post","link":"https:\/\/www.lacgtmontreuil.fr\/?p=9233","title":{"rendered":"Je, Tu, UL n\u00b0479 &#8211; REMISE EN \u00c9TAT"},"content":{"rendered":"40, avenue de la R\u00e9sistance \u2013 La soci\u00e9t\u00e9 TOUT DEMONTAGE DE CLOISONS avait employ\u00e9 notre camarade Majid MOATADID comme chef d\u2019\u00e9quipe depuis 2017, le r\u00e9mun\u00e9rant comme ouvrier, niveau 2 de la convention collective du B\u00e2timent, en plus de s\u2019abstenir de lui r\u00e9gler ses heures suppl\u00e9mentaires ! Un d\u00e9montage en r\u00e8gle du Code du travail que n\u2019a pas go\u00fbt\u00e9 le Conseil de prud\u2019hommes de Bobigny devant lequel, d\u00e9fendu par la CGT, il obtient 18000 euros de rappels par un jugement du 16 octobre\u2026\u00e9difiant !","protected":false},"excerpt":{"rendered":"<p>40, avenue de la R\u00e9sistance \u2013 La soci\u00e9t\u00e9 TOUT DEMONTAGE DE CLOISONS avait employ\u00e9 notre camarade Majid MOATADID comme chef d\u2019\u00e9quipe depuis 2017, le r\u00e9mun\u00e9rant comme ouvrier, niveau 2 de la convention collective du B\u00e2timent, en plus de s\u2019abstenir de lui r\u00e9gler ses heures suppl\u00e9mentaires ! Un d\u00e9montage en r\u00e8gle du Code du travail que &hellip; <\/p>\n","protected":false},"author":19,"featured_media":0,"comment_status":"closed","ping_status":"open","sticky":false,"template":"","format":"standard","meta":{"footnotes":""},"categories":[2],"tags":[],"class_list":{"0":"entry","1":"post","2":"publish","3":"author-sebastien","4":"post-9233","6":"format-standard","7":"category-je-tu-ul"},"_links":{"self":[{"href":"https:\/\/www.lacgtmontreuil.fr\/index.php?rest_route=\/wp\/v2\/posts\/9233","targetHints":{"allow":["GET"]}}],"collection":[{"href":"https:\/\/www.lacgtmontreuil.fr\/index.php?rest_route=\/wp\/v2\/posts"}],"about":[{"href":"https:\/\/www.lacgtmontreuil.fr\/index.php?rest_route=\/wp\/v2\/types\/post"}],"author":[{"embeddable":true,"href":"https:\/\/www.lacgtmontreuil.fr\/index.php?rest_route=\/wp\/v2\/users\/19"}],"replies":[{"embeddable":true,"href":"https:\/\/www.lacgtmontreuil.fr\/index.php?rest_route=%2Fwp%2Fv2%2Fcomments&post=9233"}],"version-history":[{"count":1,"href":"https:\/\/www.lacgtmontreuil.fr\/index.php?rest_route=\/wp\/v2\/posts\/9233\/revisions"}],"predecessor-version":[{"id":9236,"href":"https:\/\/www.lacgtmontreuil.fr\/index.php?rest_route=\/wp\/v2\/posts\/9233\/revisions\/9236"}],"wp:attachment":[{"href":"https:\/\/www.lacgtmontreuil.fr\/index.php?rest_route=%2Fwp%2Fv2%2Fmedia&parent=9233"}],"wp:term":[{"taxonomy":"category","embeddable":true,"href":"https:\/\/www.lacgtmontreuil.fr\/index.php?rest_route=%2Fwp%2Fv2%2Fcategories&post=9233"},{"taxonomy":"post_tag","embeddable":true,"href":"https:\/\/www.lacgtmontreuil.fr\/index.php?rest_route=%2Fwp%2Fv2%2Ftags&post=9233"}],"curies":[{"name":"wp","href":"https:\/\/api.w.org\/{rel}","templated":true}]}}