{"id":921,"date":"2018-02-19T16:29:05","date_gmt":"2018-02-19T15:29:05","guid":{"rendered":"http:\/\/www.lacgtmontreuil.fr\/?p=921"},"modified":"2018-02-19T16:29:05","modified_gmt":"2018-02-19T15:29:05","slug":"je-tu-ul-debut-mars-2014-n-159","status":"publish","type":"post","link":"https:\/\/www.lacgtmontreuil.fr\/?p=921","title":{"rendered":"Je, Tu, UL\u2026  D\u00e9but Mars 2014  N\u00b0 159"},"content":{"rendered":"<p><strong> Les br\u00e8ves de l\u2019UL CGT de Montreuil, 24, rue de Paris<\/strong><\/p>\n<p><img loading=\"lazy\" decoding=\"async\" width=\"109\" height=\"155\" class=\"wp-image-922\" src=\"https:\/\/www.lacgtmontreuil.fr\/wp-content\/uploads\/2018\/02\/logo_cgt-120.jpeg\" alt=\"logo_cgt\" \/>\u00a0\u00a0 <strong>Je, Tu, UL\u2026\u00a0 D\u00e9but Mars 2014\u00a0 N\u00b0 159<\/strong><\/p>\n<p><em>\u00ab\u00a0\u00c7a sent le Gattaz\u00a0: gare \u00e0 l\u2019explosion \u00bb<\/em><\/p>\n<p><strong>LES CR\u00c8CHES S\u2019ACCROCHENT:<\/strong> 79, rue Emile Beaufils \u2013 4 cr\u00e8ches ferm\u00e9es pour cause de gr\u00e8ve, mercredi dernier, et un mouvement reconduit, notamment \u00e0 la cr\u00e8che Julie Daubi\u00e9, pour lundi 3 mars. Alors que la Municipalit\u00e9 ne propose qu\u2019un recours ponctuel \u00e0 l\u2019int\u00e9rim, la section CGT de la Petite Enfance revendique la cr\u00e9ation de 8 postes permanents dans l\u2019\u00e9quipe de soutien et le renfort d\u2019un ou deux postes suppl\u00e9mentaires par cr\u00e8che. L\u2019approche des \u00e9lections municipales expliquerait-elle la volatilisation de tout interlocuteur comp\u00e9tent pour r\u00e9pondre aux revendications\u00a0?<\/p>\n<p><strong>TESSI SYNDIQU\u00c9\u00a0! :<\/strong> 240, rue de Rosny \u2013 Chez TESSI CHEQUES, entreprise de traitement des ch\u00e8ques bancaires, il ne suffisait pas aux \u00e9lues CGT d\u2019avoir assur\u00e9 la repr\u00e9sentativit\u00e9 \u00e0 100% de la CGT il y a 3 ans lors des \u00e9lections DP. Avec 6 nouvelles adh\u00e9sions r\u00e9alis\u00e9es parmi les 21 membres du personnel, on arrive \u00e0 13 syndiqu\u00e9s CGT et quelques futurs adh\u00e9rents\u2026 pas encore tout \u00e0 fait d\u00e9cid\u00e9s. Un rapport de force avec lequel la direction locale, comme le si\u00e8ge du groupe situ\u00e9 \u00e0 Grenoble, sait devoir compter.<\/p>\n<p><strong>CIT\u00c9 ET CONDAMN\u00c9\u00a0:<\/strong> 24, boulevard Paul Vaillant-Couturier \u2013 L\u2019association RUES ET CIT\u00c9S avait licenci\u00e9, pour \u00ab\u00a0absences injustifi\u00e9es\u00a0\u00bb et heurts avec sa hi\u00e9rarchie, notre camarade S\u00e9bastien LOUCHET, \u00e9ducateur de rue. Dans le quartier, 150 personnes avaient p\u00e9titionn\u00e9 contre son licenciement et l\u2019examen des faits a conduit le Conseil de Prud\u2019hommes \u00e0 juger que les accusations port\u00e9es contre lui \u00e9taient non-justifi\u00e9es, inv\u00e9rifiables ou prescrites. D\u00e9fendu par la CGT, il obtient donc la condamnation de son ancien employeur \u00e0 lui verser 11\u00a0906\u20ac de dommages et int\u00e9r\u00eats pour le pr\u00e9judice subi.<\/p>\n<p><strong>RIEN NVO LE DIALOGUE:<\/strong> 263, rue de Paris \u2013 A la NVO, journal de la CGT, le projet de r\u00e9duction de la p\u00e9riodicit\u00e9 des publications et de d\u00e9veloppement d\u2019un site web continue de faire des vagues. Le CHSCT s\u2019inqui\u00e8te des cons\u00e9quences humaines d\u2019un tel projet, qui conduirait \u00e0 la suppression de 15 postes sur 54 (sans pr\u00e9ciser, de plus, quel sort serait r\u00e9serv\u00e9 aux pigistes), et le syndicat CGT d\u00e9nonce trois mesures disciplinaires in\u00e9dites, peu susceptibles de favoriser un dialogue social de qualit\u00e9, pourtant indispensable compte tenu de ces annonces.<\/p>\n<p><strong>LA R\u00c9GIE R\u00c9AGIT:<\/strong> 3, all\u00e9e Montaigne \u2013 La REGIE DE QUARTIER connaissait depuis quelques mois une carence dans la repr\u00e9sentation du personnel, cons\u00e9cutive \u00e0 une p\u00e9riode d\u2019instabilit\u00e9 de la direction. En f\u00e9vrier, les salari\u00e9s \u00e9taient enfin convoqu\u00e9s pour renouveler leurs d\u00e9l\u00e9gu\u00e9s\u00a0: avec 25 voix sur 27, ce sont nos camarades Fabienne LEMARREC et Moussa BARACHE qui ont \u00e9t\u00e9 \u00e9lus titulaires sur liste CGT. Une belle mobilisation\u00a0!<\/p>\n","protected":false},"excerpt":{"rendered":"<p>Les br\u00e8ves de l\u2019UL CGT de Montreuil, 24, rue de Paris \u00a0\u00a0 Je, Tu, UL\u2026\u00a0 D\u00e9but Mars 2014\u00a0 N\u00b0 159 \u00ab\u00a0\u00c7a sent le Gattaz\u00a0: gare \u00e0 l\u2019explosion \u00bb LES CR\u00c8CHES S\u2019ACCROCHENT: 79, rue Emile Beaufils \u2013 4 cr\u00e8ches ferm\u00e9es pour cause de gr\u00e8ve, mercredi dernier, et un mouvement reconduit, notamment \u00e0 la cr\u00e8che Julie Daubi\u00e9, &hellip; <\/p>\n","protected":false},"author":1,"featured_media":0,"comment_status":"closed","ping_status":"open","sticky":false,"template":"","format":"standard","meta":{"footnotes":""},"categories":[2],"tags":[],"class_list":{"0":"entry","1":"post","2":"publish","3":"author-ulmontreuil","4":"post-921","6":"format-standard","7":"category-je-tu-ul"},"_links":{"self":[{"href":"https:\/\/www.lacgtmontreuil.fr\/index.php?rest_route=\/wp\/v2\/posts\/921","targetHints":{"allow":["GET"]}}],"collection":[{"href":"https:\/\/www.lacgtmontreuil.fr\/index.php?rest_route=\/wp\/v2\/posts"}],"about":[{"href":"https:\/\/www.lacgtmontreuil.fr\/index.php?rest_route=\/wp\/v2\/types\/post"}],"author":[{"embeddable":true,"href":"https:\/\/www.lacgtmontreuil.fr\/index.php?rest_route=\/wp\/v2\/users\/1"}],"replies":[{"embeddable":true,"href":"https:\/\/www.lacgtmontreuil.fr\/index.php?rest_route=%2Fwp%2Fv2%2Fcomments&post=921"}],"version-history":[{"count":1,"href":"https:\/\/www.lacgtmontreuil.fr\/index.php?rest_route=\/wp\/v2\/posts\/921\/revisions"}],"predecessor-version":[{"id":923,"href":"https:\/\/www.lacgtmontreuil.fr\/index.php?rest_route=\/wp\/v2\/posts\/921\/revisions\/923"}],"wp:attachment":[{"href":"https:\/\/www.lacgtmontreuil.fr\/index.php?rest_route=%2Fwp%2Fv2%2Fmedia&parent=921"}],"wp:term":[{"taxonomy":"category","embeddable":true,"href":"https:\/\/www.lacgtmontreuil.fr\/index.php?rest_route=%2Fwp%2Fv2%2Fcategories&post=921"},{"taxonomy":"post_tag","embeddable":true,"href":"https:\/\/www.lacgtmontreuil.fr\/index.php?rest_route=%2Fwp%2Fv2%2Ftags&post=921"}],"curies":[{"name":"wp","href":"https:\/\/api.w.org\/{rel}","templated":true}]}}