{"id":9209,"date":"2024-10-19T23:41:19","date_gmt":"2024-10-19T21:41:19","guid":{"rendered":"https:\/\/www.lacgtmontreuil.fr\/?p=9209"},"modified":"2024-10-19T23:41:20","modified_gmt":"2024-10-19T21:41:20","slug":"je-tu-ul-n478-renouveau-syndical","status":"publish","type":"post","link":"https:\/\/www.lacgtmontreuil.fr\/?p=9209","title":{"rendered":"Je, Tu, UL n\u00b0478 &#8211; RENOUVEAU SYNDICAL"},"content":{"rendered":"2, rue Babeuf \u2013 la HALLE DU PARC MONTREAU accueillait les 17 et 18 octobre le 27\u00e8me Congr\u00e8s du syndicat CGT des Territoriaux de Montreuil. Les 50 d\u00e9l\u00e9gu\u00e9s ont adopt\u00e9 une feuille de route et \u00e9lu un triangle de direction compos\u00e9e de nos camarades Jean TILLOY, secr\u00e9taire g\u00e9n\u00e9ral, et Sandra AKKOUCHE et Emilie SEDDIK, secr\u00e9taires g\u00e9n\u00e9rales adjointes.","protected":false},"excerpt":{"rendered":"<p>2, rue Babeuf \u2013 la HALLE DU PARC MONTREAU accueillait les 17 et 18 octobre le 27\u00e8me Congr\u00e8s du syndicat CGT des Territoriaux de Montreuil. Les 50 d\u00e9l\u00e9gu\u00e9s ont adopt\u00e9 une feuille de route et \u00e9lu un triangle de direction compos\u00e9e de nos camarades Jean TILLOY, secr\u00e9taire g\u00e9n\u00e9ral, et Sandra AKKOUCHE et Emilie SEDDIK, secr\u00e9taires &hellip; <\/p>\n","protected":false},"author":19,"featured_media":0,"comment_status":"closed","ping_status":"open","sticky":false,"template":"","format":"standard","meta":{"footnotes":""},"categories":[2],"tags":[],"class_list":{"0":"entry","1":"post","2":"publish","3":"author-sebastien","4":"post-9209","6":"format-standard","7":"category-je-tu-ul"},"_links":{"self":[{"href":"https:\/\/www.lacgtmontreuil.fr\/index.php?rest_route=\/wp\/v2\/posts\/9209","targetHints":{"allow":["GET"]}}],"collection":[{"href":"https:\/\/www.lacgtmontreuil.fr\/index.php?rest_route=\/wp\/v2\/posts"}],"about":[{"href":"https:\/\/www.lacgtmontreuil.fr\/index.php?rest_route=\/wp\/v2\/types\/post"}],"author":[{"embeddable":true,"href":"https:\/\/www.lacgtmontreuil.fr\/index.php?rest_route=\/wp\/v2\/users\/19"}],"replies":[{"embeddable":true,"href":"https:\/\/www.lacgtmontreuil.fr\/index.php?rest_route=%2Fwp%2Fv2%2Fcomments&post=9209"}],"version-history":[{"count":1,"href":"https:\/\/www.lacgtmontreuil.fr\/index.php?rest_route=\/wp\/v2\/posts\/9209\/revisions"}],"predecessor-version":[{"id":9212,"href":"https:\/\/www.lacgtmontreuil.fr\/index.php?rest_route=\/wp\/v2\/posts\/9209\/revisions\/9212"}],"wp:attachment":[{"href":"https:\/\/www.lacgtmontreuil.fr\/index.php?rest_route=%2Fwp%2Fv2%2Fmedia&parent=9209"}],"wp:term":[{"taxonomy":"category","embeddable":true,"href":"https:\/\/www.lacgtmontreuil.fr\/index.php?rest_route=%2Fwp%2Fv2%2Fcategories&post=9209"},{"taxonomy":"post_tag","embeddable":true,"href":"https:\/\/www.lacgtmontreuil.fr\/index.php?rest_route=%2Fwp%2Fv2%2Ftags&post=9209"}],"curies":[{"name":"wp","href":"https:\/\/api.w.org\/{rel}","templated":true}]}}