{"id":9197,"date":"2024-10-19T23:41:12","date_gmt":"2024-10-19T21:41:12","guid":{"rendered":"https:\/\/www.lacgtmontreuil.fr\/?p=9197"},"modified":"2024-10-19T23:41:13","modified_gmt":"2024-10-19T21:41:13","slug":"je-tu-ul-n478-la-sante-pour-tous","status":"publish","type":"post","link":"https:\/\/www.lacgtmontreuil.fr\/?p=9197","title":{"rendered":"Je, Tu, UL n\u00b0478 &#8211; LA SANT\u00c9 POUR TOUS"},"content":{"rendered":"56, boulevard de la Boissi\u00e8re \u2013 Devant l\u2019H\u00d4PITAL de Montreuil \u00e9taient r\u00e9unis le lundi 14 octobre les retrait\u00e9s CGT et FSU pour le lancement de la campagne d\u00e9partementale unitaire pour le droit \u00e0 la sant\u00e9. P\u00e9titions en mains, les syndicats de retrait\u00e9s d\u00e9noncent le d\u00e9sert m\u00e9dical qui ne cesse de s\u2019\u00e9tendre en Seine-Saint-Denis.","protected":false},"excerpt":{"rendered":"<p>56, boulevard de la Boissi\u00e8re \u2013 Devant l\u2019H\u00d4PITAL de Montreuil \u00e9taient r\u00e9unis le lundi 14 octobre les retrait\u00e9s CGT et FSU pour le lancement de la campagne d\u00e9partementale unitaire pour le droit \u00e0 la sant\u00e9. P\u00e9titions en mains, les syndicats de retrait\u00e9s d\u00e9noncent le d\u00e9sert m\u00e9dical qui ne cesse de s\u2019\u00e9tendre en Seine-Saint-Denis.<\/p>\n","protected":false},"author":19,"featured_media":0,"comment_status":"closed","ping_status":"open","sticky":false,"template":"","format":"standard","meta":{"footnotes":""},"categories":[2],"tags":[],"class_list":{"0":"entry","1":"post","2":"publish","3":"author-sebastien","4":"post-9197","6":"format-standard","7":"category-je-tu-ul"},"_links":{"self":[{"href":"https:\/\/www.lacgtmontreuil.fr\/index.php?rest_route=\/wp\/v2\/posts\/9197","targetHints":{"allow":["GET"]}}],"collection":[{"href":"https:\/\/www.lacgtmontreuil.fr\/index.php?rest_route=\/wp\/v2\/posts"}],"about":[{"href":"https:\/\/www.lacgtmontreuil.fr\/index.php?rest_route=\/wp\/v2\/types\/post"}],"author":[{"embeddable":true,"href":"https:\/\/www.lacgtmontreuil.fr\/index.php?rest_route=\/wp\/v2\/users\/19"}],"replies":[{"embeddable":true,"href":"https:\/\/www.lacgtmontreuil.fr\/index.php?rest_route=%2Fwp%2Fv2%2Fcomments&post=9197"}],"version-history":[{"count":1,"href":"https:\/\/www.lacgtmontreuil.fr\/index.php?rest_route=\/wp\/v2\/posts\/9197\/revisions"}],"predecessor-version":[{"id":9200,"href":"https:\/\/www.lacgtmontreuil.fr\/index.php?rest_route=\/wp\/v2\/posts\/9197\/revisions\/9200"}],"wp:attachment":[{"href":"https:\/\/www.lacgtmontreuil.fr\/index.php?rest_route=%2Fwp%2Fv2%2Fmedia&parent=9197"}],"wp:term":[{"taxonomy":"category","embeddable":true,"href":"https:\/\/www.lacgtmontreuil.fr\/index.php?rest_route=%2Fwp%2Fv2%2Fcategories&post=9197"},{"taxonomy":"post_tag","embeddable":true,"href":"https:\/\/www.lacgtmontreuil.fr\/index.php?rest_route=%2Fwp%2Fv2%2Ftags&post=9197"}],"curies":[{"name":"wp","href":"https:\/\/api.w.org\/{rel}","templated":true}]}}