{"id":9191,"date":"2024-10-19T23:41:27","date_gmt":"2024-10-19T21:41:27","guid":{"rendered":"https:\/\/www.lacgtmontreuil.fr\/?p=9191"},"modified":"2024-10-19T23:41:28","modified_gmt":"2024-10-19T21:41:28","slug":"je-tu-ul-n478-greve-des-trois-jours","status":"publish","type":"post","link":"https:\/\/www.lacgtmontreuil.fr\/?p=9191","title":{"rendered":"Je, Tu, UL n\u00b0478 &#8211; GR\u00c8VE DES TROIS JOURS"},"content":{"rendered":"28, rue Armand Carrel \u2013 Chez UBISOFT, c\u2019est l\u2019intersyndicale, dont la CGT, qui appelait \u00e0 3 jours de gr\u00e8ve les 15, 16 et 17 octobre contre la violation de l\u2019accord sur le t\u00e9l\u00e9travail et l\u2019absence de r\u00e9sultats lors de es NAO. Pr\u00e8s de la moiti\u00e9 des salari\u00e9s auront particip\u00e9 \u00e0 ce mouvement qui d\u00e9non\u00e7ait, par-del\u00e0 la d\u00e9cision d\u2019imposer 3 jours en pr\u00e9sentiel, l\u2019absence de vision strat\u00e9gique de la direction, confront\u00e9e \u00e0 l\u2019\u00e9chec de plusieurs produits aupr\u00e8s des gamers.","protected":false},"excerpt":{"rendered":"<p>28, rue Armand Carrel \u2013 Chez UBISOFT, c\u2019est l\u2019intersyndicale, dont la CGT, qui appelait \u00e0 3 jours de gr\u00e8ve les 15, 16 et 17 octobre contre la violation de l\u2019accord sur le t\u00e9l\u00e9travail et l\u2019absence de r\u00e9sultats lors de es NAO. Pr\u00e8s de la moiti\u00e9 des salari\u00e9s auront particip\u00e9 \u00e0 ce mouvement qui d\u00e9non\u00e7ait, par-del\u00e0 &hellip; <\/p>\n","protected":false},"author":19,"featured_media":0,"comment_status":"closed","ping_status":"open","sticky":false,"template":"","format":"standard","meta":{"footnotes":""},"categories":[2],"tags":[],"class_list":{"0":"entry","1":"post","2":"publish","3":"author-sebastien","4":"post-9191","6":"format-standard","7":"category-je-tu-ul"},"_links":{"self":[{"href":"https:\/\/www.lacgtmontreuil.fr\/index.php?rest_route=\/wp\/v2\/posts\/9191","targetHints":{"allow":["GET"]}}],"collection":[{"href":"https:\/\/www.lacgtmontreuil.fr\/index.php?rest_route=\/wp\/v2\/posts"}],"about":[{"href":"https:\/\/www.lacgtmontreuil.fr\/index.php?rest_route=\/wp\/v2\/types\/post"}],"author":[{"embeddable":true,"href":"https:\/\/www.lacgtmontreuil.fr\/index.php?rest_route=\/wp\/v2\/users\/19"}],"replies":[{"embeddable":true,"href":"https:\/\/www.lacgtmontreuil.fr\/index.php?rest_route=%2Fwp%2Fv2%2Fcomments&post=9191"}],"version-history":[{"count":1,"href":"https:\/\/www.lacgtmontreuil.fr\/index.php?rest_route=\/wp\/v2\/posts\/9191\/revisions"}],"predecessor-version":[{"id":9194,"href":"https:\/\/www.lacgtmontreuil.fr\/index.php?rest_route=\/wp\/v2\/posts\/9191\/revisions\/9194"}],"wp:attachment":[{"href":"https:\/\/www.lacgtmontreuil.fr\/index.php?rest_route=%2Fwp%2Fv2%2Fmedia&parent=9191"}],"wp:term":[{"taxonomy":"category","embeddable":true,"href":"https:\/\/www.lacgtmontreuil.fr\/index.php?rest_route=%2Fwp%2Fv2%2Fcategories&post=9191"},{"taxonomy":"post_tag","embeddable":true,"href":"https:\/\/www.lacgtmontreuil.fr\/index.php?rest_route=%2Fwp%2Fv2%2Ftags&post=9191"}],"curies":[{"name":"wp","href":"https:\/\/api.w.org\/{rel}","templated":true}]}}