{"id":9170,"date":"2024-10-13T13:43:48","date_gmt":"2024-10-13T11:43:48","guid":{"rendered":"https:\/\/www.lacgtmontreuil.fr\/?p=9170"},"modified":"2024-10-13T13:43:49","modified_gmt":"2024-10-13T11:43:49","slug":"je-tu-ul-n477-jeu-de-piste","status":"publish","type":"post","link":"https:\/\/www.lacgtmontreuil.fr\/?p=9170","title":{"rendered":"Je, Tu, UL n\u00b0477 &#8211; JEU DE PISTE"},"content":{"rendered":"2, avenue du Pr\u00e9sident Salvador Allende \u2013 Chez FLUOROTECHNIQUE, entreprise install\u00e9e \u00e0 MOZINOR depuis des d\u00e9cennies, la direction a sans doute voulu semer la CGT en convoquant la n\u00e9gociation pour l\u2019\u00e9lection du CSE\u2026 \u00e0 M\u00e9rignac plut\u00f4t qu\u2019\u00e0 Montreuil. C\u2019\u00e9tait compter sans la perspicacit\u00e9 de nos camarades qui ont aussit\u00f4t d\u00e9pos\u00e9 les listes CGT, conduite par Jean-Nelson JOSEPH, d\u00e9l\u00e9gu\u00e9 sortant.","protected":false},"excerpt":{"rendered":"<p>2, avenue du Pr\u00e9sident Salvador Allende \u2013 Chez FLUOROTECHNIQUE, entreprise install\u00e9e \u00e0 MOZINOR depuis des d\u00e9cennies, la direction a sans doute voulu semer la CGT en convoquant la n\u00e9gociation pour l\u2019\u00e9lection du CSE\u2026 \u00e0 M\u00e9rignac plut\u00f4t qu\u2019\u00e0 Montreuil. C\u2019\u00e9tait compter sans la perspicacit\u00e9 de nos camarades qui ont aussit\u00f4t d\u00e9pos\u00e9 les listes CGT, conduite par &hellip; <\/p>\n","protected":false},"author":19,"featured_media":0,"comment_status":"closed","ping_status":"open","sticky":false,"template":"","format":"standard","meta":{"footnotes":""},"categories":[2],"tags":[],"class_list":{"0":"entry","1":"post","2":"publish","3":"author-sebastien","4":"post-9170","6":"format-standard","7":"category-je-tu-ul"},"_links":{"self":[{"href":"https:\/\/www.lacgtmontreuil.fr\/index.php?rest_route=\/wp\/v2\/posts\/9170","targetHints":{"allow":["GET"]}}],"collection":[{"href":"https:\/\/www.lacgtmontreuil.fr\/index.php?rest_route=\/wp\/v2\/posts"}],"about":[{"href":"https:\/\/www.lacgtmontreuil.fr\/index.php?rest_route=\/wp\/v2\/types\/post"}],"author":[{"embeddable":true,"href":"https:\/\/www.lacgtmontreuil.fr\/index.php?rest_route=\/wp\/v2\/users\/19"}],"replies":[{"embeddable":true,"href":"https:\/\/www.lacgtmontreuil.fr\/index.php?rest_route=%2Fwp%2Fv2%2Fcomments&post=9170"}],"version-history":[{"count":1,"href":"https:\/\/www.lacgtmontreuil.fr\/index.php?rest_route=\/wp\/v2\/posts\/9170\/revisions"}],"predecessor-version":[{"id":9173,"href":"https:\/\/www.lacgtmontreuil.fr\/index.php?rest_route=\/wp\/v2\/posts\/9170\/revisions\/9173"}],"wp:attachment":[{"href":"https:\/\/www.lacgtmontreuil.fr\/index.php?rest_route=%2Fwp%2Fv2%2Fmedia&parent=9170"}],"wp:term":[{"taxonomy":"category","embeddable":true,"href":"https:\/\/www.lacgtmontreuil.fr\/index.php?rest_route=%2Fwp%2Fv2%2Fcategories&post=9170"},{"taxonomy":"post_tag","embeddable":true,"href":"https:\/\/www.lacgtmontreuil.fr\/index.php?rest_route=%2Fwp%2Fv2%2Ftags&post=9170"}],"curies":[{"name":"wp","href":"https:\/\/api.w.org\/{rel}","templated":true}]}}