{"id":9164,"date":"2024-10-13T13:43:54","date_gmt":"2024-10-13T11:43:54","guid":{"rendered":"https:\/\/www.lacgtmontreuil.fr\/?p=9164"},"modified":"2024-10-13T13:43:55","modified_gmt":"2024-10-13T11:43:55","slug":"je-tu-ul-n477-cinemascope","status":"publish","type":"post","link":"https:\/\/www.lacgtmontreuil.fr\/?p=9164","title":{"rendered":"Je, Tu, UL n\u00b0477 &#8211; CINEMASCOPE"},"content":{"rendered":"87bis, rue de Paris \u2013 L\u2019association CINEMA 93 va bient\u00f4t renouveler son CSE. Avec, cette fois, une liste CGT emmen\u00e9e par notre camarade Robin BERTRAND, pour un effectif de 8 salari\u00e9s.","protected":false},"excerpt":{"rendered":"<p>87bis, rue de Paris \u2013 L\u2019association CINEMA 93 va bient\u00f4t renouveler son CSE. Avec, cette fois, une liste CGT emmen\u00e9e par notre camarade Robin BERTRAND, pour un effectif de 8 salari\u00e9s.<\/p>\n","protected":false},"author":19,"featured_media":0,"comment_status":"closed","ping_status":"open","sticky":false,"template":"","format":"standard","meta":{"footnotes":""},"categories":[2],"tags":[],"class_list":{"0":"entry","1":"post","2":"publish","3":"author-sebastien","4":"post-9164","6":"format-standard","7":"category-je-tu-ul"},"_links":{"self":[{"href":"https:\/\/www.lacgtmontreuil.fr\/index.php?rest_route=\/wp\/v2\/posts\/9164","targetHints":{"allow":["GET"]}}],"collection":[{"href":"https:\/\/www.lacgtmontreuil.fr\/index.php?rest_route=\/wp\/v2\/posts"}],"about":[{"href":"https:\/\/www.lacgtmontreuil.fr\/index.php?rest_route=\/wp\/v2\/types\/post"}],"author":[{"embeddable":true,"href":"https:\/\/www.lacgtmontreuil.fr\/index.php?rest_route=\/wp\/v2\/users\/19"}],"replies":[{"embeddable":true,"href":"https:\/\/www.lacgtmontreuil.fr\/index.php?rest_route=%2Fwp%2Fv2%2Fcomments&post=9164"}],"version-history":[{"count":1,"href":"https:\/\/www.lacgtmontreuil.fr\/index.php?rest_route=\/wp\/v2\/posts\/9164\/revisions"}],"predecessor-version":[{"id":9167,"href":"https:\/\/www.lacgtmontreuil.fr\/index.php?rest_route=\/wp\/v2\/posts\/9164\/revisions\/9167"}],"wp:attachment":[{"href":"https:\/\/www.lacgtmontreuil.fr\/index.php?rest_route=%2Fwp%2Fv2%2Fmedia&parent=9164"}],"wp:term":[{"taxonomy":"category","embeddable":true,"href":"https:\/\/www.lacgtmontreuil.fr\/index.php?rest_route=%2Fwp%2Fv2%2Fcategories&post=9164"},{"taxonomy":"post_tag","embeddable":true,"href":"https:\/\/www.lacgtmontreuil.fr\/index.php?rest_route=%2Fwp%2Fv2%2Ftags&post=9164"}],"curies":[{"name":"wp","href":"https:\/\/api.w.org\/{rel}","templated":true}]}}