{"id":9158,"date":"2024-10-13T13:44:00","date_gmt":"2024-10-13T11:44:00","guid":{"rendered":"https:\/\/www.lacgtmontreuil.fr\/?p=9158"},"modified":"2024-10-13T13:44:01","modified_gmt":"2024-10-13T11:44:01","slug":"je-tu-ul-n-477-mue-de-la-libellule","status":"publish","type":"post","link":"https:\/\/www.lacgtmontreuil.fr\/?p=9158","title":{"rendered":"Je, Tu, UL n\u00b0 477 &#8211; MUE DE LA LIBELLULE"},"content":{"rendered":"15, rue des Lumi\u00e8res \u2013 Chez CSP COSMETICS, \u00e0 l\u2019enseigne \u00ab Bleu Libellule \u00bb, c\u2019est \u00e0 un changement de d\u00e9l\u00e9gu\u00e9e syndicale que la section CGT a proc\u00e9d\u00e9. La nouvelle mandat\u00e9e est notre camarade Kadi MADEIRA, qui repr\u00e9sentera les int\u00e9r\u00eats des 120 salari\u00e9-e-s des magasins NYX et BLEU LIBELLULE, o\u00f9 la CGT affiche un score de repr\u00e9sentativit\u00e9 de 100%.","protected":false},"excerpt":{"rendered":"<p>15, rue des Lumi\u00e8res \u2013 Chez CSP COSMETICS, \u00e0 l\u2019enseigne \u00ab Bleu Libellule \u00bb, c\u2019est \u00e0 un changement de d\u00e9l\u00e9gu\u00e9e syndicale que la section CGT a proc\u00e9d\u00e9. La nouvelle mandat\u00e9e est notre camarade Kadi MADEIRA, qui repr\u00e9sentera les int\u00e9r\u00eats des 120 salari\u00e9-e-s des magasins NYX et BLEU LIBELLULE, o\u00f9 la CGT affiche un score de &hellip; <\/p>\n","protected":false},"author":19,"featured_media":0,"comment_status":"closed","ping_status":"open","sticky":false,"template":"","format":"standard","meta":{"footnotes":""},"categories":[2],"tags":[],"class_list":{"0":"entry","1":"post","2":"publish","3":"author-sebastien","4":"post-9158","6":"format-standard","7":"category-je-tu-ul"},"_links":{"self":[{"href":"https:\/\/www.lacgtmontreuil.fr\/index.php?rest_route=\/wp\/v2\/posts\/9158","targetHints":{"allow":["GET"]}}],"collection":[{"href":"https:\/\/www.lacgtmontreuil.fr\/index.php?rest_route=\/wp\/v2\/posts"}],"about":[{"href":"https:\/\/www.lacgtmontreuil.fr\/index.php?rest_route=\/wp\/v2\/types\/post"}],"author":[{"embeddable":true,"href":"https:\/\/www.lacgtmontreuil.fr\/index.php?rest_route=\/wp\/v2\/users\/19"}],"replies":[{"embeddable":true,"href":"https:\/\/www.lacgtmontreuil.fr\/index.php?rest_route=%2Fwp%2Fv2%2Fcomments&post=9158"}],"version-history":[{"count":1,"href":"https:\/\/www.lacgtmontreuil.fr\/index.php?rest_route=\/wp\/v2\/posts\/9158\/revisions"}],"predecessor-version":[{"id":9161,"href":"https:\/\/www.lacgtmontreuil.fr\/index.php?rest_route=\/wp\/v2\/posts\/9158\/revisions\/9161"}],"wp:attachment":[{"href":"https:\/\/www.lacgtmontreuil.fr\/index.php?rest_route=%2Fwp%2Fv2%2Fmedia&parent=9158"}],"wp:term":[{"taxonomy":"category","embeddable":true,"href":"https:\/\/www.lacgtmontreuil.fr\/index.php?rest_route=%2Fwp%2Fv2%2Fcategories&post=9158"},{"taxonomy":"post_tag","embeddable":true,"href":"https:\/\/www.lacgtmontreuil.fr\/index.php?rest_route=%2Fwp%2Fv2%2Ftags&post=9158"}],"curies":[{"name":"wp","href":"https:\/\/api.w.org\/{rel}","templated":true}]}}