{"id":915,"date":"2018-02-19T16:25:01","date_gmt":"2018-02-19T15:25:01","guid":{"rendered":"http:\/\/www.lacgtmontreuil.fr\/?p=915"},"modified":"2018-02-19T16:25:01","modified_gmt":"2018-02-19T15:25:01","slug":"je-tu-ul-saint-valentin-2014-n-157","status":"publish","type":"post","link":"https:\/\/www.lacgtmontreuil.fr\/?p=915","title":{"rendered":"Je, Tu, UL\u2026  Saint-Valentin 2014  N\u00b0 157"},"content":{"rendered":"<p><strong> Les br\u00e8ves de l\u2019UL CGT de Montreuil, 24, rue de Paris<\/strong><\/p>\n<p><img loading=\"lazy\" decoding=\"async\" width=\"109\" height=\"155\" class=\"wp-image-916\" src=\"https:\/\/www.lacgtmontreuil.fr\/wp-content\/uploads\/2018\/02\/logo_cgt-118.jpeg\" alt=\"logo_cgt\" \/>\u00a0\u00a0 <strong>Je, Tu, UL\u2026\u00a0 Saint-Valentin 2014\u00a0 N\u00b0 157<\/strong><\/p>\n<p><em>\u00ab\u00a0Dividendes formidables, salaires fort minables\u00a0\u00bb<\/em><\/p>\n<p><strong>LA CAMIEG \u00c1 VAU-L\u2019EAU:<\/strong> 51-63, rue Gaston Lauriau \u2013 A la CAMIEG, les 120 salari\u00e9s du si\u00e8ge \u00e9taient priv\u00e9s d\u2019eau et de toilette, le 12 f\u00e9vrier, suite \u00e0 une coupure. Alors que le personnel compte des femmes enceintes, des personnes fragiles et que l\u2019\u00e9pid\u00e9mie de gastro-ent\u00e9rite s\u00e9vissait, la direction proposait de n\u00e9gocier l\u2019acc\u00e8s aux WC de l\u2019entreprise voisine\u00a0: devant la menace de la CGT de faire venir les salari\u00e9s avec leur pot de chambre, la direction sollicite la pose de RTT quand la revendication du syndicat reste celle d\u2019une journ\u00e9e ch\u00f4m\u00e9e et pay\u00e9e, le personnel n\u2019ayant pas \u00e0 autofinancer, sur ses cong\u00e9s, son droit \u00e0 la dignit\u00e9.<\/p>\n<p><strong>\u00c1 VIE NOUVELLE, SYNDICAT NOUVEAU:<\/strong> 24, rue de Paris \u2013 Les retrait\u00e9s CGT de Montreuil tenaient le 11 f\u00e9vrier leur Assembl\u00e9e G\u00e9n\u00e9rale annuelle, avec \u00e0 l\u2019ordre du jour une d\u00e9cision extraordinaire. Les 25 repr\u00e9sentants des sections syndicales de retrait\u00e9s ont en effet vot\u00e9 \u00e0 l\u2019unanimit\u00e9 la cr\u00e9ation du tout nouveau Syndicat CGT multiprofessionnel des retrait\u00e9s de Montreuil. Quant \u00e0 notre camarade Maurice LAMOOT, il en a \u00e9t\u00e9 \u00e9lu secr\u00e9taire g\u00e9n\u00e9ral avec un conseil syndical de 6 membres, \u00e0 parit\u00e9.<\/p>\n<p><strong>REN NE VA PLUS:<\/strong> 27, rue Emile Zola \u2013 Chez REN PLUS, entreprise de b\u00e2timent, ils avaient \u00e9t\u00e9 4 ouvriers \u00e0 \u00eatre licenci\u00e9s en mai dernier, une fois leur chantier achev\u00e9, sans salaire ni remise des documents sociaux de rupture par l\u2019employeur. D\u00e9fendus par la CGT devant le Conseil de Prud\u2019hommes de Bobigny, Aboubacar, Darko, Natana\u00ebl et Saloum ont obtenu, par jugement du le 10 f\u00e9vrier, la condamnation de REN PLUS \u00e0 leur payer 47300\u20ac d\u2019indemnit\u00e9s, outre l\u2019obligation de leur remettre, sous astreinte, les bulletins de salaire, certificats de travail et attestations P\u00f4le-Emploi.<\/p>\n<p><strong>QUAND L\u2019EXPERT S\u2019Y PERD:<\/strong> 14, rue de la Beaune \u2013 EUROEXCELL EXPERTISE, cabinet de gestion et d\u2019expertise-comptable, a du mal \u00e0 g\u00e9rer ses restructurations. Suite au d\u00e9part d\u2019un actionnaire, le cabinet entendait quitter Montreuil pour Paris. H\u00e9las, l\u2019employ\u00e9e de m\u00e9nage s\u2019est r\u00e9tract\u00e9e de la rupture conventionnelle qu\u2019on lui avait fait opportun\u00e9ment signer et la d\u00e9l\u00e9gu\u00e9e du personnel a fait valoir son opposition \u00e0 ce d\u00e9m\u00e9nagement forc\u00e9. S\u2019il faut aussi compter avec l\u2019expertise syndicale des salari\u00e9s, que vont devenir les comptes\u00a0?<\/p>\n<p><strong>SFM \u00c1 PARIT\u00c9:<\/strong> 1, avenue Salvador Allende \u2013 Le centre social SFM va organiser ses premi\u00e8res \u00e9lections professionnelles le 11 mars prochain. Parmi les 19 salari\u00e9s de cette cr\u00e8che associative, une grande majorit\u00e9 d\u2019\u00e9lectrices\u2026 mais une liste CGT n\u00e9anmoins \u00e0 parit\u00e9 avec Pascale de BOYER en titulaire et Nicolas SANVERT comme suppl\u00e9ant.<\/p>\n","protected":false},"excerpt":{"rendered":"<p>Les br\u00e8ves de l\u2019UL CGT de Montreuil, 24, rue de Paris \u00a0\u00a0 Je, Tu, UL\u2026\u00a0 Saint-Valentin 2014\u00a0 N\u00b0 157 \u00ab\u00a0Dividendes formidables, salaires fort minables\u00a0\u00bb LA CAMIEG \u00c1 VAU-L\u2019EAU: 51-63, rue Gaston Lauriau \u2013 A la CAMIEG, les 120 salari\u00e9s du si\u00e8ge \u00e9taient priv\u00e9s d\u2019eau et de toilette, le 12 f\u00e9vrier, suite \u00e0 une coupure. Alors &hellip; <\/p>\n","protected":false},"author":1,"featured_media":0,"comment_status":"closed","ping_status":"open","sticky":false,"template":"","format":"standard","meta":{"footnotes":""},"categories":[2],"tags":[],"class_list":{"0":"entry","1":"post","2":"publish","3":"author-ulmontreuil","4":"post-915","6":"format-standard","7":"category-je-tu-ul"},"_links":{"self":[{"href":"https:\/\/www.lacgtmontreuil.fr\/index.php?rest_route=\/wp\/v2\/posts\/915","targetHints":{"allow":["GET"]}}],"collection":[{"href":"https:\/\/www.lacgtmontreuil.fr\/index.php?rest_route=\/wp\/v2\/posts"}],"about":[{"href":"https:\/\/www.lacgtmontreuil.fr\/index.php?rest_route=\/wp\/v2\/types\/post"}],"author":[{"embeddable":true,"href":"https:\/\/www.lacgtmontreuil.fr\/index.php?rest_route=\/wp\/v2\/users\/1"}],"replies":[{"embeddable":true,"href":"https:\/\/www.lacgtmontreuil.fr\/index.php?rest_route=%2Fwp%2Fv2%2Fcomments&post=915"}],"version-history":[{"count":1,"href":"https:\/\/www.lacgtmontreuil.fr\/index.php?rest_route=\/wp\/v2\/posts\/915\/revisions"}],"predecessor-version":[{"id":917,"href":"https:\/\/www.lacgtmontreuil.fr\/index.php?rest_route=\/wp\/v2\/posts\/915\/revisions\/917"}],"wp:attachment":[{"href":"https:\/\/www.lacgtmontreuil.fr\/index.php?rest_route=%2Fwp%2Fv2%2Fmedia&parent=915"}],"wp:term":[{"taxonomy":"category","embeddable":true,"href":"https:\/\/www.lacgtmontreuil.fr\/index.php?rest_route=%2Fwp%2Fv2%2Fcategories&post=915"},{"taxonomy":"post_tag","embeddable":true,"href":"https:\/\/www.lacgtmontreuil.fr\/index.php?rest_route=%2Fwp%2Fv2%2Ftags&post=915"}],"curies":[{"name":"wp","href":"https:\/\/api.w.org\/{rel}","templated":true}]}}