{"id":9104,"date":"2024-09-28T21:37:50","date_gmt":"2024-09-28T19:37:50","guid":{"rendered":"https:\/\/www.lacgtmontreuil.fr\/?p=9104"},"modified":"2024-09-28T21:37:50","modified_gmt":"2024-09-28T19:37:50","slug":"jen-tu-ul-n476-lacoss-defend-la-cause","status":"publish","type":"post","link":"https:\/\/www.lacgtmontreuil.fr\/?p=9104","title":{"rendered":"Jen Tu, UL n\u00b0476 &#8211; L\u2019ACOSS D\u00c9FEND LA CAUSE"},"content":{"rendered":"36, rue Valmy \u2013 A l\u2019ACOSS, \u00ab banque \u00bb de la S\u00e9curit\u00e9 Sociale, le syndicat CGT du personnel tenait congr\u00e8s les 24 et 25 septembre. Des d\u00e9bats sereins sur les n\u00e9gociations en cours, le r\u00f4le des \u00e9lus et mandat\u00e9s, le futur PLFSS et sur la communication du syndicat. Notre camarade Philippe RABIER a \u00e9t\u00e9 reconduit comme secr\u00e9taire g\u00e9n\u00e9ral et un pr\u00e9avis de gr\u00e8ve reconductible a \u00e9t\u00e9 d\u00e9pos\u00e9 pour le 1er octobre et les jours suivants.","protected":false},"excerpt":{"rendered":"<p>36, rue Valmy \u2013 A l\u2019ACOSS, \u00ab banque \u00bb de la S\u00e9curit\u00e9 Sociale, le syndicat CGT du personnel tenait congr\u00e8s les 24 et 25 septembre. Des d\u00e9bats sereins sur les n\u00e9gociations en cours, le r\u00f4le des \u00e9lus et mandat\u00e9s, le futur PLFSS et sur la communication du syndicat. Notre camarade Philippe RABIER a \u00e9t\u00e9 reconduit &hellip; <\/p>\n","protected":false},"author":19,"featured_media":0,"comment_status":"closed","ping_status":"open","sticky":false,"template":"","format":"standard","meta":{"footnotes":""},"categories":[2],"tags":[],"class_list":{"0":"entry","1":"post","2":"publish","3":"author-sebastien","4":"post-9104","6":"format-standard","7":"category-je-tu-ul"},"_links":{"self":[{"href":"https:\/\/www.lacgtmontreuil.fr\/index.php?rest_route=\/wp\/v2\/posts\/9104","targetHints":{"allow":["GET"]}}],"collection":[{"href":"https:\/\/www.lacgtmontreuil.fr\/index.php?rest_route=\/wp\/v2\/posts"}],"about":[{"href":"https:\/\/www.lacgtmontreuil.fr\/index.php?rest_route=\/wp\/v2\/types\/post"}],"author":[{"embeddable":true,"href":"https:\/\/www.lacgtmontreuil.fr\/index.php?rest_route=\/wp\/v2\/users\/19"}],"replies":[{"embeddable":true,"href":"https:\/\/www.lacgtmontreuil.fr\/index.php?rest_route=%2Fwp%2Fv2%2Fcomments&post=9104"}],"version-history":[{"count":1,"href":"https:\/\/www.lacgtmontreuil.fr\/index.php?rest_route=\/wp\/v2\/posts\/9104\/revisions"}],"predecessor-version":[{"id":9107,"href":"https:\/\/www.lacgtmontreuil.fr\/index.php?rest_route=\/wp\/v2\/posts\/9104\/revisions\/9107"}],"wp:attachment":[{"href":"https:\/\/www.lacgtmontreuil.fr\/index.php?rest_route=%2Fwp%2Fv2%2Fmedia&parent=9104"}],"wp:term":[{"taxonomy":"category","embeddable":true,"href":"https:\/\/www.lacgtmontreuil.fr\/index.php?rest_route=%2Fwp%2Fv2%2Fcategories&post=9104"},{"taxonomy":"post_tag","embeddable":true,"href":"https:\/\/www.lacgtmontreuil.fr\/index.php?rest_route=%2Fwp%2Fv2%2Ftags&post=9104"}],"curies":[{"name":"wp","href":"https:\/\/api.w.org\/{rel}","templated":true}]}}