{"id":9074,"date":"2024-09-22T21:46:02","date_gmt":"2024-09-22T19:46:02","guid":{"rendered":"https:\/\/www.lacgtmontreuil.fr\/?p=9074"},"modified":"2024-09-22T21:46:03","modified_gmt":"2024-09-22T19:46:03","slug":"je-tu-ul-n475-zero-en-partage","status":"publish","type":"post","link":"https:\/\/www.lacgtmontreuil.fr\/?p=9074","title":{"rendered":"Je, Tu, UL n\u00b0475 &#8211; Z\u00c8RO EN PARTAGE"},"content":{"rendered":"240, rue de Rosny \u2013 Chez TESSI CHEQUE ILE DE FRANCE, les organisations syndicales ont \u00e9t\u00e9 invit\u00e9es \u00e0 n\u00e9gocier un accord \u00ab sur le partage de la valeur \u00bb. H\u00e9las, en fait de partage, l\u2019article 2 du projet pr\u00e9voit de le restreindre aux augmentations du b\u00e9n\u00e9fice net sup\u00e9rieures \u00e0 20% et ne r\u00e9sultant pas de nouveaux clients ou de choix de gestion. Projet que la CGT a d\u2019ores et d\u00e9j\u00e0 rebaptis\u00e9 \u2018circulez, y a rien \u00e0 partager \u00bb.","protected":false},"excerpt":{"rendered":"<p>240, rue de Rosny \u2013 Chez TESSI CHEQUE ILE DE FRANCE, les organisations syndicales ont \u00e9t\u00e9 invit\u00e9es \u00e0 n\u00e9gocier un accord \u00ab sur le partage de la valeur \u00bb. H\u00e9las, en fait de partage, l\u2019article 2 du projet pr\u00e9voit de le restreindre aux augmentations du b\u00e9n\u00e9fice net sup\u00e9rieures \u00e0 20% et ne r\u00e9sultant pas de &hellip; <\/p>\n","protected":false},"author":19,"featured_media":0,"comment_status":"closed","ping_status":"open","sticky":false,"template":"","format":"standard","meta":{"footnotes":""},"categories":[2],"tags":[],"class_list":{"0":"entry","1":"post","2":"publish","3":"author-sebastien","4":"post-9074","6":"format-standard","7":"category-je-tu-ul"},"_links":{"self":[{"href":"https:\/\/www.lacgtmontreuil.fr\/index.php?rest_route=\/wp\/v2\/posts\/9074","targetHints":{"allow":["GET"]}}],"collection":[{"href":"https:\/\/www.lacgtmontreuil.fr\/index.php?rest_route=\/wp\/v2\/posts"}],"about":[{"href":"https:\/\/www.lacgtmontreuil.fr\/index.php?rest_route=\/wp\/v2\/types\/post"}],"author":[{"embeddable":true,"href":"https:\/\/www.lacgtmontreuil.fr\/index.php?rest_route=\/wp\/v2\/users\/19"}],"replies":[{"embeddable":true,"href":"https:\/\/www.lacgtmontreuil.fr\/index.php?rest_route=%2Fwp%2Fv2%2Fcomments&post=9074"}],"version-history":[{"count":1,"href":"https:\/\/www.lacgtmontreuil.fr\/index.php?rest_route=\/wp\/v2\/posts\/9074\/revisions"}],"predecessor-version":[{"id":9077,"href":"https:\/\/www.lacgtmontreuil.fr\/index.php?rest_route=\/wp\/v2\/posts\/9074\/revisions\/9077"}],"wp:attachment":[{"href":"https:\/\/www.lacgtmontreuil.fr\/index.php?rest_route=%2Fwp%2Fv2%2Fmedia&parent=9074"}],"wp:term":[{"taxonomy":"category","embeddable":true,"href":"https:\/\/www.lacgtmontreuil.fr\/index.php?rest_route=%2Fwp%2Fv2%2Fcategories&post=9074"},{"taxonomy":"post_tag","embeddable":true,"href":"https:\/\/www.lacgtmontreuil.fr\/index.php?rest_route=%2Fwp%2Fv2%2Ftags&post=9074"}],"curies":[{"name":"wp","href":"https:\/\/api.w.org\/{rel}","templated":true}]}}