{"id":9053,"date":"2024-09-07T15:30:49","date_gmt":"2024-09-07T13:30:49","guid":{"rendered":"https:\/\/www.lacgtmontreuil.fr\/?p=9053"},"modified":"2024-09-07T15:30:50","modified_gmt":"2024-09-07T13:30:50","slug":"je-tu-ul-n474-souriez-vous-etes-tele-selectionnes","status":"publish","type":"post","link":"https:\/\/www.lacgtmontreuil.fr\/?p=9053","title":{"rendered":"Je, Tu, UL n\u00b0474 &#8211; \u00a0SOURIEZ, VOUS \u00caTES T\u00c9L\u00c9-S\u00c9LECTIONN\u00c9S"},"content":{"rendered":"\n<p>22-24, rue de Lagny \u2013 L\u2019URSSAF recrute pour sa plate-forme t\u00e9l\u00e9phonique, avec une pr\u00e9s\u00e9lection des candidat-e-s valid\u00e9e par l\u2019UNCANSS, l\u2019organisme employeur. Avec cette particularit\u00e9 que pour pouvoir \u00eatre \u00e9ventuellement convoqu\u00e9 et re\u00e7u en entretien, il faudra d\u00e9sormais adresser en ligne sa propre vid\u00e9o de r\u00e9ponse \u00e0 un questionnaire. Une pr\u00e9s\u00e9lection mat\u00e9rielle en quelque sorte\u2026sous couvert de d\u00e9mat\u00e9rialisation.\u00a0<\/p>\n","protected":false},"excerpt":{"rendered":"<p>22-24, rue de Lagny \u2013 L\u2019URSSAF recrute pour sa plate-forme t\u00e9l\u00e9phonique, avec une pr\u00e9s\u00e9lection des candidat-e-s valid\u00e9e par l\u2019UNCANSS, l\u2019organisme employeur. Avec cette particularit\u00e9 que pour pouvoir \u00eatre \u00e9ventuellement convoqu\u00e9 et re\u00e7u en entretien, il faudra d\u00e9sormais adresser en ligne sa propre vid\u00e9o de r\u00e9ponse \u00e0 un questionnaire. Une pr\u00e9s\u00e9lection mat\u00e9rielle en quelque sorte\u2026sous couvert &hellip; <\/p>\n","protected":false},"author":19,"featured_media":0,"comment_status":"closed","ping_status":"open","sticky":false,"template":"","format":"standard","meta":{"footnotes":""},"categories":[2],"tags":[],"class_list":{"0":"entry","1":"post","2":"publish","3":"author-sebastien","4":"post-9053","6":"format-standard","7":"category-je-tu-ul"},"_links":{"self":[{"href":"https:\/\/www.lacgtmontreuil.fr\/index.php?rest_route=\/wp\/v2\/posts\/9053","targetHints":{"allow":["GET"]}}],"collection":[{"href":"https:\/\/www.lacgtmontreuil.fr\/index.php?rest_route=\/wp\/v2\/posts"}],"about":[{"href":"https:\/\/www.lacgtmontreuil.fr\/index.php?rest_route=\/wp\/v2\/types\/post"}],"author":[{"embeddable":true,"href":"https:\/\/www.lacgtmontreuil.fr\/index.php?rest_route=\/wp\/v2\/users\/19"}],"replies":[{"embeddable":true,"href":"https:\/\/www.lacgtmontreuil.fr\/index.php?rest_route=%2Fwp%2Fv2%2Fcomments&post=9053"}],"version-history":[{"count":1,"href":"https:\/\/www.lacgtmontreuil.fr\/index.php?rest_route=\/wp\/v2\/posts\/9053\/revisions"}],"predecessor-version":[{"id":9056,"href":"https:\/\/www.lacgtmontreuil.fr\/index.php?rest_route=\/wp\/v2\/posts\/9053\/revisions\/9056"}],"wp:attachment":[{"href":"https:\/\/www.lacgtmontreuil.fr\/index.php?rest_route=%2Fwp%2Fv2%2Fmedia&parent=9053"}],"wp:term":[{"taxonomy":"category","embeddable":true,"href":"https:\/\/www.lacgtmontreuil.fr\/index.php?rest_route=%2Fwp%2Fv2%2Fcategories&post=9053"},{"taxonomy":"post_tag","embeddable":true,"href":"https:\/\/www.lacgtmontreuil.fr\/index.php?rest_route=%2Fwp%2Fv2%2Ftags&post=9053"}],"curies":[{"name":"wp","href":"https:\/\/api.w.org\/{rel}","templated":true}]}}